{"id":952,"date":"2022-11-29T13:16:11","date_gmt":"2022-11-29T13:16:11","guid":{"rendered":"https:\/\/xn--sueaentretelas-snb.es\/blog\/?p=952"},"modified":"2023-12-28T08:41:34","modified_gmt":"2023-12-28T08:41:34","slug":"conozcamos-el-lame","status":"publish","type":"post","link":"https:\/\/xn--sueaentretelas-snb.es\/blog\/conozcamos-el-lame\/","title":{"rendered":"Conozcamos el lam\u00e9"},"content":{"rendered":"\n<p>En uno de nuestros directos te mostramos la tela de lam\u00e9, la hemos recibido en dorado y en plateado.<br>Varias personas ni siquiera conoc\u00edan de su existencia y nos dijimos \u00a1tenemos que mostrar este tejido! \ud83d\ude01<br>El lam\u00e9 es una tela de apariencia met\u00e1lica brillante que suele utilizarse en ropa y accesorios como bolsos, aunque los colores m\u00e1s demandados son el dorado y plateado, hay m\u00e1s colores.<br>Si te gustan los tejidos metalizados, estas telas son perfectas para t\u00ed, qu\u00e9date para comprobarlo.<\/p>\n\n\n\n<p>El lam\u00e9 se fabrica con hilos metalizados de colores que ofrecen un aspecto brillante y metalizado. Si el acabado se aplica sobre los hilos o sobre el tejido, se consigue el aspecto lam\u00e9 a una o a dos caras.<br>Es una tela h\u00edbrida, hecha con tela met\u00e1lica (o fibras de metal cubiertas de pl\u00e1stico o hilo) y tela de relleno como nailon o poli\u00e9ster.<br><\/p>\n\n\n\n<p>Estuvo muy de moda en los a\u00f1os &#8217;60  y &#8217;70, pero se resiste a irse.<br>Con ellas no solo se realizan prendas para fiestas y carnavales, tambi\u00e9n prendas de noche como faldas, tops o vestidos, pero lo vemos un poco m\u00e1s adelante.<\/p>\n\n\n\n<p>Es un tejido resistente que puede desafilar las tijeras con el tiempo, por eso aconsejamos afilarlas cortando una hoja de  papel de aluminio doblada despu\u00e9s de cortar este tejido.<br>Es ideal para las fiestas navide\u00f1as que se acercan para decorar nuestro hogar. Puedes hacer desde una funda para coj\u00edn, manteles, salvaplatos y otras decoraciones.<br>Puedes combinar el dorado y plateado y, tambi\u00e9n contrastarlo con colores neutros como el blanco y el negro.<\/p>\n\n\n\n<p>Aunque es un tejido bastante resistente, se da\u00f1a con las agujas, el calor y la humedad. Por lo que te aconsejamos que trabajes con pinzas, intenta no descoser y, si lo tienes que planchar, pon una hoja de papel de horno entre la plancha y el tejido e intenta que la plancha est\u00e9 a baja temperatura.<br>Para coserlo se aconseja una aguja de tama\u00f1o fino o medio y un hilo de poli\u00e9ster. <br>Para marcar la tela, utiliza marcadores comunes, mejor los marcadores de tiza o los hidrosolubles.<br>Si vas a colocar ojales, te recomendamos las presillas ya que los ojales se pueden rasgar.<\/p>\n\n\n\n<p>\u00bfQu\u00e9 te contamos sobre su lavado?, te recomendamos lavar en agua fr\u00eda, no usar lej\u00eda, si vas a utilizar la secadora hazlo a baja temperatura (mejor si no la usas), lava y seca siempre del rev\u00e9s para proteger el brillo.<\/p>\n\n\n\n<p>Y, ahora, lo prometido es deuda y te mostramos varios modelos confeccionados con lam\u00e9 \u00bfte atrever\u00edas a usarlos?<\/p>\n\n\n\n<figure class=\"wp-block-image size-full\"><img loading=\"lazy\" decoding=\"async\" width=\"970\" height=\"407\" src=\"https:\/\/xn--sueaentretelas-snb.es\/blog\/wp-content\/uploads\/2022\/10\/lame1.png\" alt=\"\" class=\"wp-image-956\" srcset=\"https:\/\/xn--sueaentretelas-snb.es\/blog\/wp-content\/uploads\/2022\/10\/lame1.png 970w, https:\/\/xn--sueaentretelas-snb.es\/blog\/wp-content\/uploads\/2022\/10\/lame1-300x126.png 300w, https:\/\/xn--sueaentretelas-snb.es\/blog\/wp-content\/uploads\/2022\/10\/lame1-768x322.png 768w\" sizes=\"auto, (max-width: 970px) 100vw, 970px\" \/><\/figure>\n\n\n\n<p>El primero, un vestido que nos recuerda a Marilyn&nbsp;Monroe, un vestido glamuroso ideal para un evento formal \u00bflo llevar\u00edas en plateado o en dorado?<br>Este culotte plissado en lam\u00e9 color bronce puedes usarlo con taconazos o con unas tenis.<br>Combinado con la blusa negra y la chupa rockera con tachuelas es total!<br>Gucci utiliz\u00f3 este conjunto de blusa y falda en dos colores de lam\u00e9, fue en su colecci\u00f3n de 2016 \u00bfqu\u00e9 me dices?<\/p>\n\n\n\n<figure class=\"wp-block-image size-full\"><img loading=\"lazy\" decoding=\"async\" width=\"928\" height=\"416\" src=\"https:\/\/xn--sueaentretelas-snb.es\/blog\/wp-content\/uploads\/2022\/10\/lame2.png\" alt=\"\" class=\"wp-image-957\" srcset=\"https:\/\/xn--sueaentretelas-snb.es\/blog\/wp-content\/uploads\/2022\/10\/lame2.png 928w, https:\/\/xn--sueaentretelas-snb.es\/blog\/wp-content\/uploads\/2022\/10\/lame2-300x134.png 300w, https:\/\/xn--sueaentretelas-snb.es\/blog\/wp-content\/uploads\/2022\/10\/lame2-768x344.png 768w\" sizes=\"auto, (max-width: 928px) 100vw, 928px\" \/><\/figure>\n\n\n\n<p>Mira lo que ocurre cuando mezclas una falda de lam\u00e9 plisado con colores pastel, unas tenis o una bomber \u00a1rom\u00e1ntico!<a rel=\"noreferrer noopener\" href=\"http:\/\/time-for-fashion.blogs.elle.es\/2016\/04\/05\/fashion-alert-metallic-pleated-midi-skirt\/\" target=\"_blank\"><\/a><br>Si quieres algo m\u00e1s \u00abin\u00bb, combina la camisa de lam\u00e9 con una falda tipo charlest\u00f3n, acompa\u00f1a de unas sandalias de charol y a triunfar.<br>Claro que s\u00ed, tambi\u00e9n te traemos pantalones, ideales con una blusa cuello halter tipo lencero y unas sandalias \u00bfni te parece ideal para un evento?<\/p>\n\n\n\n<figure class=\"wp-block-image size-full\"><img loading=\"lazy\" decoding=\"async\" width=\"843\" height=\"465\" src=\"https:\/\/xn--sueaentretelas-snb.es\/blog\/wp-content\/uploads\/2022\/10\/lame3.png\" alt=\"\" class=\"wp-image-958\" srcset=\"https:\/\/xn--sueaentretelas-snb.es\/blog\/wp-content\/uploads\/2022\/10\/lame3.png 843w, https:\/\/xn--sueaentretelas-snb.es\/blog\/wp-content\/uploads\/2022\/10\/lame3-300x165.png 300w, https:\/\/xn--sueaentretelas-snb.es\/blog\/wp-content\/uploads\/2022\/10\/lame3-768x424.png 768w\" sizes=\"auto, (max-width: 843px) 100vw, 843px\" \/><\/figure>\n\n\n\n<p>M\u00e1s pantalones, estos que luci\u00f3 la top Elle McPherson en lam\u00e9 plateado con una camiseta b\u00e1sica. Puedes llevarlos con sandalias de tac\u00f3n o con unas zapatillas, ya ves que los complementos dan el resultado.<br>Y, como se acercan las fiestas navide\u00f1as, un look total de Nochevieja. <br>Brilli brilli a tope.<br>Falda de lam\u00e9 plateado, sudadera de lentejuelas y camisa brillante \u00a1la reina de la noche!<br>Lo mismo que con ese vestido dorado con gran abertura y un solo hombro.<\/p>\n\n\n\n<figure class=\"wp-block-image size-full\"><img loading=\"lazy\" decoding=\"async\" width=\"938\" height=\"372\" src=\"https:\/\/xn--sueaentretelas-snb.es\/blog\/wp-content\/uploads\/2022\/10\/lame4.png\" alt=\"\" class=\"wp-image-959\" srcset=\"https:\/\/xn--sueaentretelas-snb.es\/blog\/wp-content\/uploads\/2022\/10\/lame4.png 938w, https:\/\/xn--sueaentretelas-snb.es\/blog\/wp-content\/uploads\/2022\/10\/lame4-300x119.png 300w, https:\/\/xn--sueaentretelas-snb.es\/blog\/wp-content\/uploads\/2022\/10\/lame4-768x305.png 768w\" sizes=\"auto, (max-width: 938px) 100vw, 938px\" \/><\/figure>\n\n\n\n<p>No quer\u00edamos despedirnos sin ense\u00f1arte tambi\u00e9n un mantel y unos bolsos para que compruebes que este tejido es todoterreno. <\/p>\n\n\n\n<p>Esperamos que hayas disfrutado el recorrido y nos vemos en la pr\u00f3xima entrada.<a href=\"https:\/\/www.muchastelas.com\/content\/pago-seguro.html\" target=\"_blank\" rel=\"noopener\"><\/a><\/p>\n","protected":false},"excerpt":{"rendered":"<p>En uno de nuestros directos te mostramos la tela de lam\u00e9, la hemos recibido en dorado y en plateado.Varias personas ni siquiera conoc\u00edan de su existencia y nos dijimos \u00a1tenemos que mostrar este tejido! \ud83d\ude01El lam\u00e9 es una tela de apariencia met\u00e1lica brillante que suele utilizarse en ropa y accesorios como bolsos, aunque los colores [&hellip;]<\/p>\n","protected":false},"author":2,"featured_media":961,"comment_status":"open","ping_status":"open","sticky":false,"template":"","format":"standard","meta":{"footnotes":""},"categories":[24],"tags":[343,346,344,345,288,61,29],"class_list":["post-952","post","type-post","status-publish","format-standard","has-post-thumbnail","hentry","category-tejidos","tag-el-lame","tag-fiesta","tag-lame-dorado","tag-lame-plateado","tag-moda","tag-nuestros-tejidos","tag-tejidos","entry","has-media"],"_links":{"self":[{"href":"https:\/\/xn--sueaentretelas-snb.es\/blog\/wp-json\/wp\/v2\/posts\/952","targetHints":{"allow":["GET"]}}],"collection":[{"href":"https:\/\/xn--sueaentretelas-snb.es\/blog\/wp-json\/wp\/v2\/posts"}],"about":[{"href":"https:\/\/xn--sueaentretelas-snb.es\/blog\/wp-json\/wp\/v2\/types\/post"}],"author":[{"embeddable":true,"href":"https:\/\/xn--sueaentretelas-snb.es\/blog\/wp-json\/wp\/v2\/users\/2"}],"replies":[{"embeddable":true,"href":"https:\/\/xn--sueaentretelas-snb.es\/blog\/wp-json\/wp\/v2\/comments?post=952"}],"version-history":[{"count":3,"href":"https:\/\/xn--sueaentretelas-snb.es\/blog\/wp-json\/wp\/v2\/posts\/952\/revisions"}],"predecessor-version":[{"id":967,"href":"https:\/\/xn--sueaentretelas-snb.es\/blog\/wp-json\/wp\/v2\/posts\/952\/revisions\/967"}],"wp:featuredmedia":[{"embeddable":true,"href":"https:\/\/xn--sueaentretelas-snb.es\/blog\/wp-json\/wp\/v2\/media\/961"}],"wp:attachment":[{"href":"https:\/\/xn--sueaentretelas-snb.es\/blog\/wp-json\/wp\/v2\/media?parent=952"}],"wp:term":[{"taxonomy":"category","embeddable":true,"href":"https:\/\/xn--sueaentretelas-snb.es\/blog\/wp-json\/wp\/v2\/categories?post=952"},{"taxonomy":"post_tag","embeddable":true,"href":"https:\/\/xn--sueaentretelas-snb.es\/blog\/wp-json\/wp\/v2\/tags?post=952"}],"curies":[{"name":"wp","href":"https:\/\/api.w.org\/{rel}","templated":true}]}}