{"id":3195,"date":"2026-04-27T12:07:00","date_gmt":"2026-04-27T12:07:00","guid":{"rendered":"https:\/\/xn--sueaentretelas-snb.es\/blog\/?p=3195"},"modified":"2026-03-26T08:08:25","modified_gmt":"2026-03-26T08:08:25","slug":"victorio-lucchino-arte-tradicion-y-moda-espanola","status":"publish","type":"post","link":"https:\/\/xn--sueaentretelas-snb.es\/blog\/victorio-lucchino-arte-tradicion-y-moda-espanola\/","title":{"rendered":"Victorio &amp; Lucchino: arte, tradici\u00f3n y moda espa\u00f1ola"},"content":{"rendered":"\n<p>Dentro de nuestra serie dedicada a los grandes dise\u00f1adores que han hecho historia en el mundo de la moda, viajamos al sur de Espa\u00f1a para conocer a Victorio &amp; Lucchino, el ic\u00f3nico d\u00fao creativo formado por Jos\u00e9 V\u00edctor Rodr\u00edguez Caro y Jos\u00e9 Luis Medina del Corral.<\/p>\n\n\n\n<p>Su trabajo ha llevado la esencia de Andaluc\u00eda a las pasarelas internacionales fusionando tradici\u00f3n, artesan\u00eda y sofisticaci\u00f3n.<br>Sus dise\u00f1os son f\u00e1cilmente reconocibles por su riqueza en tejidos, bordados y referencias culturales.<\/p>\n\n\n\n<p><\/p>\n\n\n\n<figure class=\"wp-block-image\"><img decoding=\"async\" src=\"https:\/\/e01-phantom-elmundo.uecdn.es\/9acfe6964e257c3e9702188c16fab457\/resize\/828\/f\/jpg\/assets\/multimedia\/imagenes\/2024\/03\/18\/17107613027295.jpg\" alt=\"Image\"\/><\/figure>\n\n\n\n<p><\/p>\n\n\n\n<p><\/p>\n\n\n\n<h2 class=\"wp-block-heading\">Los inicios de dos creativos con ra\u00edces andaluzas<\/h2>\n\n\n\n<p>La historia de Victorio &amp; Lucchino comienza en Sevilla, donde estos dos dise\u00f1adores se conocieron a finales de los a\u00f1os 60 cuando trabajaban en la misma empresa (no diremos el nombre)<br>Desde el principio compartieron una misma sensibilidad est\u00e9tica:<\/p>\n\n\n\n<ul class=\"wp-block-list\">\n<li>pasi\u00f3n por la historia del arte<\/li>\n\n\n\n<li>amor por el folclore andaluz<\/li>\n\n\n\n<li>inter\u00e9s por los textiles tradicionales<\/li>\n<\/ul>\n\n\n\n<p>En 1970 se lanzan a abrir su primer taller en Sevilla donde comienzan dise\u00f1ando vestidos \u00fanicos y  piezas artesanales, utilizando bordados, encajes y tejidos ricos que recuerdan la tradici\u00f3n espa\u00f1ola.<br>Su estilo pronto llama la atenci\u00f3n por su mezcla de romanticismo, color y teatralidad.<\/p>\n\n\n\n<p><\/p>\n\n\n\n<p><\/p>\n\n\n\n<h2 class=\"wp-block-heading\">El salto a la moda internacional de Victorio &amp; Luchino<\/h2>\n\n\n\n<p>En los a\u00f1os 80 su trabajo empieza a ganar gran reconocimiento.<br>El momento clave llega cuando presentan su primera colecci\u00f3n en Pasarela Cibeles (ahora Mercedes-Benz Fashion Week Madrid)<\/p>\n\n\n\n<p>Sus colecciones destacan por:<\/p>\n\n\n\n<ul class=\"wp-block-list\">\n<li>siluetas femeninas y elegantes<\/li>\n\n\n\n<li>tejidos ricos y estructurados<\/li>\n\n\n\n<li>inspiraci\u00f3n hist\u00f3rica<\/li>\n\n\n\n<li>bordados y aplicaciones artesanales<\/li>\n<\/ul>\n\n\n\n<p>En 1984 crean su primera colecci\u00f3n de vestidos de novia que presentan en Barcelona.<\/p>\n\n\n\n<p>En 1985 presentan una colecci\u00f3n en Nueva York lanzando su brillante trayectoria internacional.<\/p>\n\n\n\n<p>A finales de la d\u00e9cada de los 80 dan el salto internacional presentando sus colecciones es Par\u00eds y consolid\u00e1ndose como representantes de la moda espa\u00f1ola en el mundo.<\/p>\n\n\n\n<p>En 1992 lanzan su primer perfume para mujer \u00abCarmen\u00bb.<br>Adem\u00e1s han dise\u00f1ado joyas y han colaborado en producciones teatrales y cinematogr\u00e1ficas como en las obras \u00abYerma\u00bb o \u00abLa Celestina\u00bb y la pel\u00edcula \u00abEl Guardaespaldas\u00bb donde Whitney Houston lleva un vestido dise\u00f1ado por ellos.<\/p>\n\n\n\n<p><\/p>\n\n\n\n<figure class=\"wp-block-image size-full\"><img loading=\"lazy\" decoding=\"async\" width=\"621\" height=\"404\" src=\"https:\/\/xn--sueaentretelas-snb.es\/blog\/wp-content\/uploads\/2026\/03\/image-2.png\" alt=\"\" class=\"wp-image-3209\" srcset=\"https:\/\/xn--sueaentretelas-snb.es\/blog\/wp-content\/uploads\/2026\/03\/image-2.png 621w, https:\/\/xn--sueaentretelas-snb.es\/blog\/wp-content\/uploads\/2026\/03\/image-2-300x195.png 300w\" sizes=\"auto, (max-width: 621px) 100vw, 621px\" \/><\/figure>\n\n\n\n<p><\/p>\n\n\n\n<p>Tambi\u00e9n crearon el interior de la quinta planta del Hotel Puerta Am\u00e9rica de Madrid en 2005.<\/p>\n\n\n\n<p>Para ellos han desfilado modelos como Naomi Campbell o Claudia Schiffer y Roman Polanski les dirigi\u00f3 un anuncio protagonizado por Elle MacPherson \u00bfconoc\u00edas estos datos?<\/p>\n\n\n\n<p><\/p>\n\n\n\n<p><\/p>\n\n\n\n<h2 class=\"wp-block-heading\">Dise\u00f1os ic\u00f3nicos y trabajos destacados de Victorio &amp; Lucchino<\/h2>\n\n\n\n<p>Victorio y Lucchino han trabajado en numerosos \u00e1mbitos de la moda y del dise\u00f1o.<\/p>\n\n\n\n<p>En <strong>Alta Costura y pr\u00eat-\u00e0-porter<\/strong> crearon colecciones llenas de romanticismo, vol\u00famenes y tejidos sofisticados con sedas, tafetanes, encajes y bordados artesanales.<br>Todo ello con una clara inspiraci\u00f3n barroca y andaluza.<\/p>\n\n\n\n<p>Este d\u00fao revolucion\u00f3 el dise\u00f1o de <strong>trajes de flamenca<\/strong> elev\u00e1ndolos a aut\u00e9nticas piezas de alta costura.<br>Sus creaciones se han visto en eventos como el Sal\u00f3n Internacional de la Moda Flamenca (SIMOF9, donde su visi\u00f3n sofisticada moderniz\u00f3 esta prenda tradicional.<\/p>\n\n\n\n<p>Tambi\u00e9n han dise\u00f1ado <strong>vestuario<\/strong> para espect\u00e1culos de teatro, danza y exposiciones culturales, siempre manteniendo su sello de riqueza textil y est\u00e9tica art\u00edstica.<\/p>\n\n\n\n<p>Adem\u00e1s crean l\u00edneas de hogar y varios perfumes.<\/p>\n\n\n\n<p><\/p>\n\n\n\n<p><\/p>\n\n\n\n<h2 class=\"wp-block-heading\">Premios y reconocimientos de Victorio &amp; Lucchino<\/h2>\n\n\n\n<p>A lo largo de su carrera, Victorio y Lucchino han recibido numerosos galardones que reconocen su aportaci\u00f3n a la moda espa\u00f1ola.<br>Entre los m\u00e1s destacados encontramos:<\/p>\n\n\n\n<ul class=\"wp-block-list\">\n<li>Medalla de Andaluc\u00eda<\/li>\n\n\n\n<li>Premio Nacional de Dise\u00f1o de la Moda de Espa\u00f1a en 2009<\/li>\n\n\n\n<li>Varios reconocimientos en la Pasarela Cibeles por su trayectoria<\/li>\n\n\n\n<li>Recientemente han sido nombrados Embajadores de Sevilla<\/li>\n<\/ul>\n\n\n\n<p>Estos premios, no solo destacan su talento creativo, sino tambi\u00e9n como embajadores de la moda espa\u00f1ola.<\/p>\n\n\n\n<p><\/p>\n\n\n\n<p><\/p>\n\n\n\n<h2 class=\"wp-block-heading\">El estilo de Victorio &amp; Lucchino: tradici\u00f3n, arte y tejidos<\/h2>\n\n\n\n<p>Uno de los aspectos m\u00e1s interesantes del trabajo de Victorio &amp; Lucchino es su relaci\u00f3n con los tejidos.<br>Sus colecciones suelen incorporar:<\/p>\n\n\n\n<ul class=\"wp-block-list\">\n<li>Volantes y siluetas. Son reconocidos mundialmente por sus trajes de flamenca y vestidos de novia, caracterizados por el uso de los volantes, las siluetas que marcan figura y una gran movilidad.<\/li>\n\n\n\n<li>Barroquismo y sensualidad. Su moda no es minimalista sino que destaca por el uso de encajes, guipur, volantes, transparencias y aplicaciones que aportan volumen y riqueza.<\/li>\n\n\n\n<li>Tejidos de gran calidad que aportan luz y movimiento como la seda, el encaje y tejidos con brillos estrategicos.<\/li>\n\n\n\n<li>Artesan\u00eda, ya que su filosof\u00eda se basa en la creaci\u00f3n lenta y artesanal, valorando el trabajo a mano frente a la producci\u00f3n en cadena.<\/li>\n<\/ul>\n\n\n\n<p>Para quienes amamos las telas y la costura, su trabajo es un ejemplo perfecto de como el tejido puede convertirse en el verdadero protagonista de una prenda.<\/p>\n\n\n\n<p><\/p>\n\n\n\n<p><\/p>\n\n\n\n<h2 class=\"wp-block-heading\">El legado de Victorio &amp; Lucchino en la moda espa\u00f1ola<\/h2>\n\n\n\n<p>Est\u00e1 claro que Victorio &amp; Lucchino han dejado una huella profunda en la moda espa\u00f1ola.<\/p>\n\n\n\n<p>Su obra demuestra que es posible combinar artesan\u00eda, tradici\u00f3n y modernidad, creando dise\u00f1os atemporales que celebran la cultura y el arte textil.<\/p>\n\n\n\n<p>Hoy, su legado sigue inspirando a nuevas generaciones de dise\u00f1adores y amantes de la costura que encuentran en sus colecciones una fuente inagotable de ideas, colores y texturas.<\/p>\n\n\n\n<p>Observar el trabajo de dise\u00f1adores como Victorio &amp; Lucchino es una forma magn\u00edfica para aprender sobre la elecci\u00f3n de tejidos, combinaci\u00f3n de texturas, detalles artesanales y el uso del color y que con estos elementos puedes convertir cualquier prenda en una pieza especial.<\/p>\n\n\n\n<p>Si has llegado hasta aqu\u00ed te desvelamos que Jos\u00e9 V\u00edctor es Victorio y Jos\u00e9 Luis Medina es Lucchino \u00bfya lo sab\u00edas?<\/p>\n\n\n\n<p><\/p>\n\n\n\n<p><\/p>\n","protected":false},"excerpt":{"rendered":"<p>Victorio &#038; Lucchino son uno de los d\u00faos m\u00e1s emblem\u00e1ticos de la moda espa\u00f1ola. Desde Sevilla, sus dise\u00f1os han llevado la tradici\u00f3n andaluza a las pasarelas internacionales, combinando bordados, volantes y tejidos ricos con una est\u00e9tica elegante y rom\u00e1ntica. En esta entrada descubrimos sus inicios, su trayectoria y el legado que han dejado en la moda y en el arte textil.<\/p>\n","protected":false},"author":2,"featured_media":3211,"comment_status":"open","ping_status":"open","sticky":false,"template":"","format":"standard","meta":{"footnotes":""},"categories":[440,213],"tags":[679,682,676,675,446,666,524,680,678,677,674,681],"class_list":["post-3195","post","type-post","status-publish","format-standard","has-post-thumbnail","hentry","category-costura-para-principiantes","category-curiosidades","tag-alta-costura-espanola","tag-bordados","tag-disenadores-espanoles","tag-diseno-andaluz","tag-historia-de-la-moda","tag-inspiracion-de-moda","tag-moda-espanola","tag-tejidos-y-costura","tag-tradicion-andaluza","tag-vestidos-flamencos","tag-victorio-y-lucchino","tag-volantes-flamencos","entry","has-media"],"_links":{"self":[{"href":"https:\/\/xn--sueaentretelas-snb.es\/blog\/wp-json\/wp\/v2\/posts\/3195","targetHints":{"allow":["GET"]}}],"collection":[{"href":"https:\/\/xn--sueaentretelas-snb.es\/blog\/wp-json\/wp\/v2\/posts"}],"about":[{"href":"https:\/\/xn--sueaentretelas-snb.es\/blog\/wp-json\/wp\/v2\/types\/post"}],"author":[{"embeddable":true,"href":"https:\/\/xn--sueaentretelas-snb.es\/blog\/wp-json\/wp\/v2\/users\/2"}],"replies":[{"embeddable":true,"href":"https:\/\/xn--sueaentretelas-snb.es\/blog\/wp-json\/wp\/v2\/comments?post=3195"}],"version-history":[{"count":8,"href":"https:\/\/xn--sueaentretelas-snb.es\/blog\/wp-json\/wp\/v2\/posts\/3195\/revisions"}],"predecessor-version":[{"id":3215,"href":"https:\/\/xn--sueaentretelas-snb.es\/blog\/wp-json\/wp\/v2\/posts\/3195\/revisions\/3215"}],"wp:featuredmedia":[{"embeddable":true,"href":"https:\/\/xn--sueaentretelas-snb.es\/blog\/wp-json\/wp\/v2\/media\/3211"}],"wp:attachment":[{"href":"https:\/\/xn--sueaentretelas-snb.es\/blog\/wp-json\/wp\/v2\/media?parent=3195"}],"wp:term":[{"taxonomy":"category","embeddable":true,"href":"https:\/\/xn--sueaentretelas-snb.es\/blog\/wp-json\/wp\/v2\/categories?post=3195"},{"taxonomy":"post_tag","embeddable":true,"href":"https:\/\/xn--sueaentretelas-snb.es\/blog\/wp-json\/wp\/v2\/tags?post=3195"}],"curies":[{"name":"wp","href":"https:\/\/api.w.org\/{rel}","templated":true}]}}