{"id":2153,"date":"2024-08-07T08:03:02","date_gmt":"2024-08-07T08:03:02","guid":{"rendered":"https:\/\/xn--sueaentretelas-snb.es\/blog\/?p=2153"},"modified":"2024-09-03T09:44:53","modified_gmt":"2024-09-03T09:44:53","slug":"retales-de-tela-fallera-inspiracion","status":"publish","type":"post","link":"https:\/\/xn--sueaentretelas-snb.es\/blog\/retales-de-tela-fallera-inspiracion\/","title":{"rendered":"Retales de Tela Fallera: Inspiraci\u00f3n y Alternativas en Sue\u00f1a Entre Telas"},"content":{"rendered":"\n<p>\u00a1Bienvenido a <strong>Sue\u00f1a Entre Telas<\/strong>! Si est\u00e1s buscando los tejidos perfectos para crear tu propio traje fallero, has llegado al lugar indicado. En este art\u00edculo, te sumergir\u00e1s en el maravilloso mundo de los <strong>retales de tela fallera<\/strong> y descubrir\u00e1s todo lo que necesitas saber para encontrar los tejidos ideales para tu proyecto.<\/p>\n\n\n\n<h2 class=\"wp-block-heading\"><strong>\u00bfPor qu\u00e9 elegir retales de tela fallera?<\/strong><\/h2>\n\n\n\n<p>Los <strong>retales de tela fallera<\/strong> son una opci\u00f3n excelente para aquellos que desean confeccionar su propio traje o simplemente a\u00f1adir un toque \u00fanico a sus creaciones. Al elegir retales, no solo est\u00e1s obteniendo una pieza de tela exclusiva, sino que tambi\u00e9n est\u00e1s contribuyendo a la sostenibilidad al dar una nueva vida a los tejidos.<\/p>\n\n\n\n<h2 class=\"wp-block-heading\"><strong>Beneficios de comprar retales de tela fallera:<\/strong><\/h2>\n\n\n\n<ul class=\"wp-block-list\">\n<li><strong>Ahorra dinero:<\/strong> Los retales de tela fallera suelen ser m\u00e1s econ\u00f3micos que los tejidos enteros.<\/li>\n\n\n\n<li><strong>Encuentra telas \u00fanicas:<\/strong> Descubre una amplia variedad de dise\u00f1os y colores que no encontrar\u00e1s en otros lugares.<\/li>\n\n\n\n<li><strong>Reduce el impacto ambiental:<\/strong> Al reutilizar tejidos, est\u00e1s contribuyendo a un consumo m\u00e1s responsable.<\/li>\n\n\n\n<li><strong>Da rienda suelta a tu creatividad:<\/strong> Los retales te permiten experimentar con diferentes combinaciones de telas y crear piezas verdaderamente personalizadas.<\/li>\n<\/ul>\n\n\n\n<h2 class=\"wp-block-heading\"><strong>Gu\u00eda completa para comprar retales de tela fallera online<\/strong><\/h2>\n\n\n\n<p>Comprar <strong>retales de tela fallera<\/strong> online puede ser una experiencia emocionante, pero tambi\u00e9n puede resultar abrumadora. Para ayudarte a tomar la mejor decisi\u00f3n, hemos creado esta gu\u00eda pr\u00e1ctica:<\/p>\n\n\n\n<ol class=\"wp-block-list\">\n<li><strong>Define tu proyecto:<\/strong> Antes de empezar a buscar, piensa en el proyecto que deseas realizar. \u00bfNecesitas un tejido para el cuerpo del traje, para las mangas o para los adornos?<\/li>\n\n\n\n<li><strong>Elige los colores:<\/strong> Los colores de los trajes falleros son muy variados y cada falla tiene sus propias tradiciones. Investiga los colores t\u00edpicos de tu falla o elige los que m\u00e1s te gusten.<\/li>\n\n\n\n<li><strong>Considera la calidad:<\/strong> La calidad de la tela es fundamental para garantizar la durabilidad de tu traje. Busca tejidos resistentes y f\u00e1ciles de coser.<\/li>\n\n\n\n<li><strong>Compara precios:<\/strong> Compara los precios de diferentes vendedores para encontrar las mejores ofertas.<\/li>\n\n\n\n<li><strong>Lee las opiniones de otros clientes:<\/strong> Las opiniones de otros compradores te pueden ayudar a conocer la calidad de los productos y el servicio al cliente de la tienda.<\/li>\n<\/ol>\n\n\n\n<h2 class=\"wp-block-heading\"><strong>Consejos para cuidar tus retales de tela fallera<\/strong><\/h2>\n\n\n\n<p>Una vez que hayas adquirido tus <strong>retales de tela fallera<\/strong>, es importante cuidarlos adecuadamente para que duren muchos a\u00f1os. Aqu\u00ed te ofrecemos algunos consejos:<\/p>\n\n\n\n<ul class=\"wp-block-list\">\n<li><strong>Lavar a mano:<\/strong> La mayor\u00eda de las telas falleras son delicadas y deben lavarse a mano con agua fr\u00eda y un detergente suave.<\/li>\n\n\n\n<li><strong>No usar blanqueador:<\/strong> El blanqueador puede da\u00f1ar los colores y debilitar las fibras.<\/li>\n\n\n\n<li><strong>Secar a la sombra:<\/strong> Evita exponer la tela al sol directo, ya que puede decolorarla.<\/li>\n\n\n\n<li><strong>Planchar a baja temperatura:<\/strong> Si es necesario planchar, utiliza una plancha a baja temperatura y coloca un pa\u00f1o h\u00famedo entre la plancha y la tela.<\/li>\n<\/ul>\n\n\n\n<h2 class=\"wp-block-heading\"><strong>\u00bfPor qu\u00e9 elegir Sue\u00f1a Entre Telas?<\/strong><\/h2>\n\n\n\n<p>En Sue\u00f1a Entre Telas, nos apasiona la tradici\u00f3n fallera y nos esforzamos por ofrecer a nuestros clientes <strong>los mejores productos<\/strong>. Nos distinguimos por:<\/p>\n\n\n\n<ul class=\"wp-block-list\">\n<li><strong>Amplia variedad de telas:<\/strong> Disponemos de una extensa colecci\u00f3n de telas de diferentes dise\u00f1os, colores y texturas.<\/li>\n\n\n\n<li><strong>Calidad garantizada:<\/strong> Todos nuestros tejidos son de alta calidad y cumplen con los est\u00e1ndares m\u00e1s exigentes.<\/li>\n\n\n\n<li><strong>Atenci\u00f3n personalizada:<\/strong> Nuestro equipo estar\u00e1 encantado de asesorarte y ayudarte a encontrar los tejidos perfectos para tu proyecto.<\/li>\n\n\n\n<li><strong>Env\u00edo r\u00e1pido y seguro:<\/strong> Recibir\u00e1s tu pedido en poco tiempo y en perfectas condiciones.<\/li>\n<\/ul>\n\n\n\n<p>Los complementos son los encargados de personalizar la <strong>indumentaria fallera <\/strong>y darle un toque \u00fanico. En Sue\u00f1a Entre Telas encontrar\u00e1s todo lo que necesitas:<\/p>\n\n\n\n<ul class=\"wp-block-list\">\n<li><strong>Entretelas y forros:<\/strong> Esenciales para dar cuerpo y estructura a tus prendas. Descubre nuestra variedad de entretelas y forros para cuerpos, blusas y chaquetas. Desde el <strong><a href=\"https:\/\/www.xn--sueaentretelas-snb.es\/blog\/entretela-sanfor.html\" target=\"_blank\" rel=\"noreferrer noopener\">sanfor<\/a><\/strong>, pasando por la <strong><a href=\"https:\/\/www.xn--sueaentretelas-snb.es\/blog\/entretela-no-adhesiva.html\" target=\"_blank\" rel=\"noreferrer noopener\">base<\/a><\/strong>, el <strong><a href=\"https:\/\/www.xn--sueaentretelas-snb.es\/blog\/bucaram-tartalana-1.html\" target=\"_blank\" rel=\"noreferrer noopener\">bucaran<\/a><\/strong>, la <a href=\"https:\/\/www.xn--sueaentretelas-snb.es\/blog\/entretela-no-adhesiva-nbl.html\" target=\"_blank\" rel=\"noreferrer noopener\"><strong>entretela NBL<\/strong><\/a>, la <strong><a href=\"https:\/\/www.xn--sueaentretelas-snb.es\/blog\/retorta-gruesa.html\" target=\"_blank\" rel=\"noreferrer noopener\">retorta<\/a><\/strong>, el <strong><a href=\"https:\/\/www.xn--sueaentretelas-snb.es\/blog\/catalogsearch\/result\/?q=FORRO+DE+SEDA\" target=\"_blank\" rel=\"noreferrer noopener\">forro de seda<\/a><\/strong> o el <strong><a href=\"https:\/\/www.xn--sueaentretelas-snb.es\/blog\/raso-beige.html\" target=\"_blank\" rel=\"noreferrer noopener\">forro de raso<\/a><\/strong>.<\/li>\n\n\n\n<li><strong>Mercer\u00eda:<\/strong> <a href=\"https:\/\/www.xn--sueaentretelas-snb.es\/blog\/catalogsearch\/result\/?q=HILO+1000\" target=\"_blank\" rel=\"noreferrer noopener\"><strong>Hilos de poli\u00e9ster<\/strong><\/a>, <a href=\"https:\/\/www.xn--sueaentretelas-snb.es\/blog\/catalogsearch\/result\/?q=HILVANAR\" target=\"_blank\" rel=\"noreferrer noopener\"><strong>hilos de algod\u00f3n<\/strong><\/a>, <strong><a href=\"https:\/\/www.xn--sueaentretelas-snb.es\/blog\/catalogsearch\/result\/?q=TORZAL\" target=\"_blank\" rel=\"noreferrer noopener\">hilo de torzal<\/a><\/strong>, <strong><a href=\"https:\/\/www.xn--sueaentretelas-snb.es\/blog\/corchete-presilla.html\" target=\"_blank\" rel=\"noreferrer noopener\">corchetes<\/a><\/strong>, <strong><a href=\"https:\/\/www.xn--sueaentretelas-snb.es\/blog\/tira-corchetera-nylon-beige.html\" target=\"_blank\" rel=\"noreferrer noopener\">tiras corcheteras<\/a><\/strong>, <strong><a href=\"https:\/\/www.xn--sueaentretelas-snb.es\/blog\/cremallera-abierta-celeste-50cm-5.html\" target=\"_blank\" rel=\"noreferrer noopener\">cremalleras<\/a><\/strong>, <strong><a href=\"https:\/\/www.xn--sueaentretelas-snb.es\/blog\/broche-pantalon.html\" target=\"_blank\" rel=\"noreferrer noopener\">cierres de falda<\/a><\/strong>, <a href=\"https:\/\/www.xn--sueaentretelas-snb.es\/blog\/ballena-plastica-1-5mm.html\" target=\"_blank\" rel=\"noreferrer noopener\"><strong>ballenas pl\u00e1sticas<\/strong><\/a>, <a href=\"https:\/\/www.xn--sueaentretelas-snb.es\/blog\/cordon-mecha-4mm-blanco.html\" target=\"_blank\" rel=\"noreferrer noopener\"><strong>cordones de mecha<\/strong><\/a>, <strong><a href=\"https:\/\/www.xn--sueaentretelas-snb.es\/blog\/aguja-pasacintas-niquelada.html\" target=\"_blank\" rel=\"noreferrer noopener\">agujas<\/a><\/strong>, <strong><a href=\"https:\/\/www.xn--sueaentretelas-snb.es\/blog\/catalogsearch\/result\/?q=dedal\" target=\"_blank\" rel=\"noreferrer noopener\">dedales<\/a><\/strong> y mucho m\u00e1s para dar el toque final a tu traje.<\/li>\n\n\n\n<li><strong>Para manteletas, delantales, enaguas, pololos y chambras:<\/strong> Encuentra los complementos perfectos para completar tu traje regional, como las <a href=\"https:\/\/www.xn--sueaentretelas-snb.es\/blog\/batista-blanca.html\" target=\"_blank\" rel=\"noreferrer noopener\"><strong>batistas<\/strong><\/a>, <a href=\"https:\/\/www.xn--sueaentretelas-snb.es\/blog\/batista-organdizada-blanca.html\" target=\"_blank\" rel=\"noreferrer noopener\"><strong>batistas organdizadas<\/strong><\/a> o <strong><a href=\"https:\/\/www.xn--sueaentretelas-snb.es\/blog\/catalogsearch\/result\/?q=batista+plumeti\" target=\"_blank\" rel=\"noreferrer noopener\">batista plumeti<\/a><\/strong>.<\/li>\n\n\n\n<li><strong>Para cuerpos: <\/strong>El cuerpo es la base de un traje regional. Descubre en nuestra tienda online una amplia gama de tejidos como el <strong><a href=\"https:\/\/www.sue\u00f1aentretelas.es\/shantung-poliester-negro.html\" target=\"_blank\" rel=\"noreferrer noopener\">shantung<\/a><\/strong>, el <strong><a href=\"https:\/\/www.sue\u00f1aentretelas.es\/otoman-negro.html\" target=\"_blank\" rel=\"noreferrer noopener\">otom\u00e1n<\/a><\/strong>, el <a href=\"https:\/\/www.sue\u00f1aentretelas.es\/catalogsearch\/result\/?q=tafetan\" target=\"_blank\" rel=\"noreferrer noopener\"><strong>tafet\u00e1n <\/strong><\/a>y el <strong><a href=\"https:\/\/www.sue\u00f1aentretelas.es\/catalogsearch\/result\/?q=mikado\" target=\"_blank\" rel=\"noreferrer noopener\">raso mikado<\/a><\/strong>, ideales para crear cuerpos estructurados y elegantes. \u00a1El toque final para un traje \u00fanico!<\/li>\n\n\n\n<li><strong>Blusones:<\/strong> Dale un toque especial a tu traje con nuestros blusones confeccionados con <strong><a href=\"https:\/\/www.sue\u00f1aentretelas.es\/catalogsearch\/result\/?q=viella\" target=\"_blank\" rel=\"noreferrer noopener\">viellas <\/a><\/strong>o <strong><a href=\"https:\/\/www.sue\u00f1aentretelas.es\/catalogsearch\/result\/?q=japonesa\" target=\"_blank\" rel=\"noreferrer noopener\">telas japonesas<\/a><\/strong>. La combinaci\u00f3n perfecta de tradici\u00f3n y modernidad.<\/li>\n\n\n\n<li><strong>Pa\u00f1olones y capas: <\/strong>Abriga con estilo con nuestros pa\u00f1olones y capas de <strong><a href=\"https:\/\/www.sue\u00f1aentretelas.es\/catalogsearch\/result\/?q=damasco\" target=\"_blank\" rel=\"noreferrer noopener\">damasco <\/a><\/strong>o <strong><a href=\"https:\/\/www.sue\u00f1aentretelas.es\/catalogsearch\/result\/?q=coralina\" target=\"_blank\" rel=\"noreferrer noopener\">coralina<\/a><\/strong>. \u00a1El complemento perfecto para tus salidas!<\/li>\n\n\n\n<li><strong>Vestiduras de carros:<\/strong> Decora tu carro con nuestras <a href=\"https:\/\/www.xn--sueaentretelas-snb.es\/blog\/catalogsearch\/result\/?q=alpujarra\" target=\"_blank\" rel=\"noreferrer noopener\"><strong>alpujarras<\/strong><\/a>, un tejido tradicional que aportar\u00e1 un toque de autenticidad a tus fiestas.<\/li>\n\n\n\n<li><strong>Camisas y blusas: <\/strong>Encuentra las camisas y blusas perfectas para completar tu traje regional. Una amplia variedad de tejidos y dise\u00f1os para todos los gustos. Desde <strong><a href=\"https:\/\/www.sue\u00f1aentretelas.es\/batista-blanca.html\" target=\"_blank\" rel=\"noreferrer noopener\">batistas<\/a><\/strong> hasta <strong><a href=\"https:\/\/www.sue\u00f1aentretelas.es\/lino-blanco.html\" target=\"_blank\" rel=\"noreferrer noopener\">lino<\/a> <\/strong>o <strong><a href=\"https:\/\/www.sue\u00f1aentretelas.es\/lino-blanco-semihilo.html\" target=\"_blank\" rel=\"noreferrer noopener\">semihilo<\/a><\/strong>.<\/li>\n\n\n\n<li><strong>Zarag\u00fcell:<\/strong> Confecciona tu propio zarag\u00fcell con nuestras telas de alta calidad, de <strong><a href=\"https:\/\/www.sue\u00f1aentretelas.es\/lino-blanco.html\" target=\"_blank\" rel=\"noreferrer noopener\">lino<\/a><\/strong>, <strong><a href=\"https:\/\/www.sue\u00f1aentretelas.es\/gabardina-blancaa.html\" target=\"_blank\" rel=\"noreferrer noopener\">gabardina<\/a> <\/strong>o <strong><a href=\"https:\/\/www.sue\u00f1aentretelas.es\/sarga-algodon-blanca.html\" target=\"_blank\" rel=\"noreferrer noopener\">sarga<\/a><\/strong>. \u00a1Un cl\u00e1sico que nunca pasa de moda!<\/li>\n\n\n\n<li><strong>Negrilla:<\/strong> El <strong><a href=\"https:\/\/www.sue\u00f1aentretelas.es\/pa-o-granate.html\" target=\"_blank\" rel=\"noreferrer noopener\">pa\u00f1o<\/a><\/strong>, el <strong><a href=\"https:\/\/www.sue\u00f1aentretelas.es\/terciopelo-cereza-algodon.html\" target=\"_blank\" rel=\"noreferrer noopener\">terciopelo<\/a><\/strong>, la <strong><a href=\"https:\/\/www.sue\u00f1aentretelas.es\/gabardina-vigore-negro.html\" target=\"_blank\" rel=\"noreferrer noopener\">gabardina vigor\u00e9<\/a><\/strong> y la <strong><a href=\"https:\/\/www.sue\u00f1aentretelas.es\/chenilla-taupe.html\" target=\"_blank\" rel=\"noreferrer noopener\">chenilla<\/a><\/strong> son opciones perfectas para confeccionar negrillas elegantes y confortables.<\/li>\n<\/ul>\n\n\n\n<h2 class=\"wp-block-heading\"><strong>Preguntas frecuentes<\/strong> (FAQs)<\/h2>\n\n\n\n<h4 class=\"wp-block-heading\"><strong>1. \u00bfQu\u00e9 cuidados especiales requieren los retales de seda natural? <\/strong><\/h4>\n\n\n\n<p>La seda natural es un tejido delicado que requiere cuidados especiales. Te recomendamos lavarla a mano con agua fr\u00eda y jab\u00f3n neutro, evitar el uso de blanqueadores y secarla a la sombra.<\/p>\n\n\n\n<h4 class=\"wp-block-heading\"><strong>2. \u00bfC\u00f3mo s\u00e9 cu\u00e1nta tela necesito? <\/strong><\/h4>\n\n\n\n<p>La cantidad de tela que necesitar\u00e1s depender\u00e1 del tama\u00f1o y del modelo de tu traje. Te recomendamos que consultes un patr\u00f3n de costura o que te asesores con un profesional.<\/p>\n\n\n\n<h4 class=\"wp-block-heading\"><strong>3. \u00bfPuedo combinar diferentes retales en un mismo traje? <\/strong><\/h4>\n\n\n\n<p>\u00a1Por supuesto! Combinar diferentes retales es una excelente manera de crear un traje \u00fanico y personalizado. Te recomendamos elegir telas con colores y texturas complementarias para lograr un resultado armonioso.<\/p>\n\n\n\n<p>Los <strong>retales de tela fallera<\/strong> son una excelente opci\u00f3n para aquellos que desean crear un traje fallero \u00fanico y personalizado. En <strong><a href=\"https:\/\/www.xn--sueaentretelas-snb.es\/blog\/\" target=\"_blank\" rel=\"noreferrer noopener\">Sue\u00f1a Entre Telas<\/a><\/strong>, encontrar\u00e1s todo lo que necesitas para dar vida a tus proyectos. \u00a1Explora nuestra tienda online y d\u00e9jate inspirar por la belleza de nuestras telas! <strong><a href=\"https:\/\/www.xn--sueaentretelas-snb.es\/blog\/contact\" target=\"_blank\" rel=\"noreferrer noopener\">Contacta con nosotros.<\/a><\/strong><\/p>\n","protected":false},"excerpt":{"rendered":"<p>\u00a1Bienvenido a Sue\u00f1a Entre Telas! Si est\u00e1s buscando los tejidos perfectos para crear tu propio traje fallero, has llegado al lugar indicado. En este art\u00edculo, te sumergir\u00e1s en el maravilloso mundo de los retales de tela fallera y descubrir\u00e1s todo lo que necesitas saber para encontrar los tejidos ideales para tu proyecto. \u00bfPor qu\u00e9 elegir [&hellip;]<\/p>\n","protected":false},"author":2,"featured_media":2183,"comment_status":"open","ping_status":"open","sticky":false,"template":"","format":"standard","meta":{"footnotes":""},"categories":[1],"tags":[],"class_list":["post-2153","post","type-post","status-publish","format-standard","has-post-thumbnail","hentry","category-sin-categoria","entry","has-media"],"_links":{"self":[{"href":"https:\/\/xn--sueaentretelas-snb.es\/blog\/wp-json\/wp\/v2\/posts\/2153","targetHints":{"allow":["GET"]}}],"collection":[{"href":"https:\/\/xn--sueaentretelas-snb.es\/blog\/wp-json\/wp\/v2\/posts"}],"about":[{"href":"https:\/\/xn--sueaentretelas-snb.es\/blog\/wp-json\/wp\/v2\/types\/post"}],"author":[{"embeddable":true,"href":"https:\/\/xn--sueaentretelas-snb.es\/blog\/wp-json\/wp\/v2\/users\/2"}],"replies":[{"embeddable":true,"href":"https:\/\/xn--sueaentretelas-snb.es\/blog\/wp-json\/wp\/v2\/comments?post=2153"}],"version-history":[{"count":5,"href":"https:\/\/xn--sueaentretelas-snb.es\/blog\/wp-json\/wp\/v2\/posts\/2153\/revisions"}],"predecessor-version":[{"id":2316,"href":"https:\/\/xn--sueaentretelas-snb.es\/blog\/wp-json\/wp\/v2\/posts\/2153\/revisions\/2316"}],"wp:featuredmedia":[{"embeddable":true,"href":"https:\/\/xn--sueaentretelas-snb.es\/blog\/wp-json\/wp\/v2\/media\/2183"}],"wp:attachment":[{"href":"https:\/\/xn--sueaentretelas-snb.es\/blog\/wp-json\/wp\/v2\/media?parent=2153"}],"wp:term":[{"taxonomy":"category","embeddable":true,"href":"https:\/\/xn--sueaentretelas-snb.es\/blog\/wp-json\/wp\/v2\/categories?post=2153"},{"taxonomy":"post_tag","embeddable":true,"href":"https:\/\/xn--sueaentretelas-snb.es\/blog\/wp-json\/wp\/v2\/tags?post=2153"}],"curies":[{"name":"wp","href":"https:\/\/api.w.org\/{rel}","templated":true}]}}