{"id":2147,"date":"2024-08-07T07:20:30","date_gmt":"2024-08-07T07:20:30","guid":{"rendered":"https:\/\/xn--sueaentretelas-snb.es\/blog\/?p=2147"},"modified":"2024-09-03T09:05:00","modified_gmt":"2024-09-03T09:05:00","slug":"traje-manchego-para-hombre-icono-regional","status":"publish","type":"post","link":"https:\/\/xn--sueaentretelas-snb.es\/blog\/traje-manchego-para-hombre-icono-regional\/","title":{"rendered":"Traje manchego para hombre: Un icono de la moda regional"},"content":{"rendered":"\n<p>El <strong>traje manchego para hombre<\/strong> es mucho m\u00e1s que una simple prenda de vestir. Representa siglos de historia, tradici\u00f3n y un profundo arraigo a la tierra. Sus colores vibrantes, sus tejidos nobles y sus dise\u00f1os elaborados lo convierten en un icono de la moda regional, capaz de cautivar tanto a los amantes de la tradici\u00f3n como a los apasionados de la moda.<\/p>\n\n\n\n<h2 class=\"wp-block-heading\">Un viaje a trav\u00e9s de la historia<\/h2>\n\n\n\n<p>Los or\u00edgenes del <strong>traje manchego para hombre<\/strong> se remontan a la Edad Media, cuando las vestimentas reflejaban la posici\u00f3n social y las actividades laborales de cada individuo. Con el paso del tiempo, el traje evolucion\u00f3, adapt\u00e1ndose a los cambios sociales y econ\u00f3micos de la regi\u00f3n.<\/p>\n\n\n\n<p>En el siglo XIX, el traje manchego alcanz\u00f3 su m\u00e1ximo esplendor, convirti\u00e9ndose en un s\u00edmbolo de identidad regional. Sus caracter\u00edsticas m\u00e1s distintivas eran el calz\u00f3n bombacho, la camisa blanca, el chaleco bordado y la faja de seda.<\/p>\n\n\n\n<h2 class=\"wp-block-heading\">Los elementos clave del traje manchego para hombre<\/h2>\n\n\n\n<ul class=\"wp-block-list\">\n<li><strong>Calz\u00f3n bombacho:<\/strong> La pieza m\u00e1s caracter\u00edstica del traje, confeccionada en pa\u00f1o grueso y adornada con botones o bordados.<\/li>\n\n\n\n<li><strong>Camisa blanca:<\/strong> Elaborada en algod\u00f3n o lino, de manga larga y cuello alto.<\/li>\n\n\n\n<li><strong>Chaleco:<\/strong> De colores vivos y ricamente bordado, sol\u00eda ser de terciopelo o brocado.<\/li>\n\n\n\n<li><strong>Faja:<\/strong> De seda o lana, adornaba la cintura y serv\u00eda para sujetar el calz\u00f3n.<\/li>\n\n\n\n<li><strong>Abarca:<\/strong> Calzado tradicional elaborado con esparto o cuero.<\/li>\n<\/ul>\n\n\n\n<h2 class=\"wp-block-heading\">\u00bfPor qu\u00e9 elegir el traje manchego?<\/h2>\n\n\n\n<p>El <strong>traje manchego para hombre<\/strong> es una elecci\u00f3n perfecta para aquellos que buscan:<\/p>\n\n\n\n<ul class=\"wp-block-list\">\n<li><strong>Unir tradici\u00f3n y modernidad:<\/strong> El traje manchego puede adaptarse a los gustos y estilos actuales, creando looks \u00fanicos y sofisticados.<\/li>\n\n\n\n<li><strong>Resaltar la identidad regional:<\/strong> Al vestir un traje manchego, est\u00e1s rindiendo homenaje a tus ra\u00edces y a la rica cultura de Castilla-La Mancha.<\/li>\n\n\n\n<li><strong>Crear un atuendo especial:<\/strong> El traje manchego es ideal para ocasiones especiales como bodas, fiestas regionales o representaciones culturales.<\/li>\n<\/ul>\n\n\n\n<h2 class=\"wp-block-heading\">Confecciona tu propio traje manchego para hombre con Sue\u00f1a Entre Telas<\/h2>\n\n\n\n<p>En <strong>Sue\u00f1a Entre Telas<\/strong> encontrar\u00e1s una amplia variedad de tejidos de alta calidad para confeccionar tu propio <strong>traje manchego para hombre<\/strong>. Desde pa\u00f1os gruesos y resistentes para el calz\u00f3n, hasta sedas y brocados para el chaleco, tenemos todo lo que necesitas para crear un atuendo \u00fanico y personalizado.<\/p>\n\n\n\n<p><strong>Consejos para elegir los tejidos:<\/strong><\/p>\n\n\n\n<ul class=\"wp-block-list\">\n<li><strong>Pa\u00f1o:<\/strong> Opta por pa\u00f1os naturales como la lana o el algod\u00f3n para garantizar la comodidad y la durabilidad.<\/li>\n\n\n\n<li><strong>Seda:<\/strong> Para el chaleco, la seda aporta un toque de lujo y elegancia.<\/li>\n\n\n\n<li><strong>Brocado:<\/strong> Este tejido, con sus dise\u00f1os elaborados, es ideal para a\u00f1adir un toque de distinci\u00f3n al traje.<\/li>\n<\/ul>\n\n\n\n<p>Los complementos son los encargados de personalizar el <strong>traje manchego para hombre<\/strong> y darle un toque \u00fanico. En Sue\u00f1a Entre Telas encontrar\u00e1s todo lo que necesitas:<\/p>\n\n\n\n<ul class=\"wp-block-list\">\n<li><strong>Entretelas y forros:<\/strong> Esenciales para dar cuerpo y estructura a tus prendas. Descubre nuestra variedad de entretelas y forros para cuerpos, blusas y chaquetas. Desde el <strong><a href=\"https:\/\/www.xn--sueaentretelas-snb.es\/blog\/entretela-sanfor.html\" target=\"_blank\" rel=\"noreferrer noopener\">sanfor<\/a><\/strong>, pasando por la <strong><a href=\"https:\/\/www.xn--sueaentretelas-snb.es\/blog\/entretela-no-adhesiva.html\" target=\"_blank\" rel=\"noreferrer noopener\">base<\/a><\/strong>, el <strong><a href=\"https:\/\/www.xn--sueaentretelas-snb.es\/blog\/bucaram-tartalana-1.html\" target=\"_blank\" rel=\"noreferrer noopener\">bucaran<\/a><\/strong>, la <a href=\"https:\/\/www.xn--sueaentretelas-snb.es\/blog\/entretela-no-adhesiva-nbl.html\" target=\"_blank\" rel=\"noreferrer noopener\"><strong>entretela NBL<\/strong><\/a>, la <strong><a href=\"https:\/\/www.xn--sueaentretelas-snb.es\/blog\/retorta-gruesa.html\" target=\"_blank\" rel=\"noreferrer noopener\">retorta<\/a><\/strong>, el <strong><a href=\"https:\/\/www.xn--sueaentretelas-snb.es\/blog\/catalogsearch\/result\/?q=FORRO+DE+SEDA\" target=\"_blank\" rel=\"noreferrer noopener\">forro de seda<\/a><\/strong> o el <strong><a href=\"https:\/\/www.xn--sueaentretelas-snb.es\/blog\/raso-beige.html\" target=\"_blank\" rel=\"noreferrer noopener\">forro de raso<\/a><\/strong>.<\/li>\n\n\n\n<li><strong>Mercer\u00eda:<\/strong> <a href=\"https:\/\/www.xn--sueaentretelas-snb.es\/blog\/catalogsearch\/result\/?q=HILO+1000\" target=\"_blank\" rel=\"noreferrer noopener\"><strong>Hilos de poli\u00e9ster<\/strong><\/a>, <a href=\"https:\/\/www.xn--sueaentretelas-snb.es\/blog\/catalogsearch\/result\/?q=HILVANAR\" target=\"_blank\" rel=\"noreferrer noopener\"><strong>hilos de algod\u00f3n<\/strong><\/a>, <strong><a href=\"https:\/\/www.xn--sueaentretelas-snb.es\/blog\/catalogsearch\/result\/?q=TORZAL\" target=\"_blank\" rel=\"noreferrer noopener\">hilo de torzal<\/a><\/strong>, <strong><a href=\"https:\/\/www.xn--sueaentretelas-snb.es\/blog\/corchete-presilla.html\" target=\"_blank\" rel=\"noreferrer noopener\">corchetes<\/a><\/strong>, <strong><a href=\"https:\/\/www.xn--sueaentretelas-snb.es\/blog\/tira-corchetera-nylon-beige.html\" target=\"_blank\" rel=\"noreferrer noopener\">tiras corcheteras<\/a><\/strong>, <strong><a href=\"https:\/\/www.xn--sueaentretelas-snb.es\/blog\/cremallera-abierta-celeste-50cm-5.html\" target=\"_blank\" rel=\"noreferrer noopener\">cremalleras<\/a><\/strong>, <strong><a href=\"https:\/\/www.xn--sueaentretelas-snb.es\/blog\/broche-pantalon.html\" target=\"_blank\" rel=\"noreferrer noopener\">cierres de falda<\/a><\/strong>, <a href=\"https:\/\/www.xn--sueaentretelas-snb.es\/blog\/ballena-plastica-1-5mm.html\" target=\"_blank\" rel=\"noreferrer noopener\"><strong>ballenas pl\u00e1sticas<\/strong><\/a>, <a href=\"https:\/\/www.xn--sueaentretelas-snb.es\/blog\/cordon-mecha-4mm-blanco.html\" target=\"_blank\" rel=\"noreferrer noopener\"><strong>cordones de mecha<\/strong><\/a>, <strong><a href=\"https:\/\/www.xn--sueaentretelas-snb.es\/blog\/aguja-pasacintas-niquelada.html\" target=\"_blank\" rel=\"noreferrer noopener\">agujas<\/a><\/strong>, <strong><a href=\"https:\/\/www.xn--sueaentretelas-snb.es\/blog\/catalogsearch\/result\/?q=dedal\" target=\"_blank\" rel=\"noreferrer noopener\">dedales<\/a><\/strong> y mucho m\u00e1s para dar el toque final a tu traje.<\/li>\n\n\n\n<li><strong>Para manteletas, delantales, enaguas, pololos y chambras:<\/strong> Encuentra los complementos perfectos para completar tu traje regional, como las <a href=\"https:\/\/www.xn--sueaentretelas-snb.es\/blog\/batista-blanca.html\" target=\"_blank\" rel=\"noreferrer noopener\"><strong>batistas<\/strong><\/a>, <a href=\"https:\/\/www.xn--sueaentretelas-snb.es\/blog\/batista-organdizada-blanca.html\" target=\"_blank\" rel=\"noreferrer noopener\"><strong>batistas organdizadas<\/strong><\/a> o <strong><a href=\"https:\/\/www.xn--sueaentretelas-snb.es\/blog\/catalogsearch\/result\/?q=batista+plumeti\" target=\"_blank\" rel=\"noreferrer noopener\">batista plumeti<\/a><\/strong>.<\/li>\n\n\n\n<li><strong>Faldas de huertana o de baile:<\/strong> Tejidos y patrones para crear faldas \u00fanicas y elegantes. Encontramos <a href=\"https:\/\/www.xn--sueaentretelas-snb.es\/blog\/catalogsearch\/result\/?q=indiana\" target=\"_blank\" rel=\"noreferrer noopener\"><strong>cretonas tipo Indiana<\/strong><\/a>, <a href=\"https:\/\/www.xn--sueaentretelas-snb.es\/blog\/catalogsearch\/result\/?q=tafetan\" target=\"_blank\" rel=\"noreferrer noopener\"><strong>tafet\u00e1n<\/strong><\/a> o <a href=\"https:\/\/www.xn--sueaentretelas-snb.es\/blog\/shantung-poliester-negro.html\" target=\"_blank\" rel=\"noreferrer noopener\"><strong>shantung<\/strong><\/a>.<\/li>\n\n\n\n<li><strong>Para cuerpos: <\/strong>El cuerpo es la base de un traje regional. Descubre en nuestra tienda online una amplia gama de tejidos como el <strong><a href=\"https:\/\/www.sue\u00f1aentretelas.es\/shantung-poliester-negro.html\" target=\"_blank\" rel=\"noreferrer noopener\">shantung<\/a><\/strong>, el <strong><a href=\"https:\/\/www.sue\u00f1aentretelas.es\/otoman-negro.html\" target=\"_blank\" rel=\"noreferrer noopener\">otom\u00e1n<\/a><\/strong>, el <a href=\"https:\/\/www.sue\u00f1aentretelas.es\/catalogsearch\/result\/?q=tafetan\" target=\"_blank\" rel=\"noreferrer noopener\"><strong>tafet\u00e1n <\/strong><\/a>y el <strong><a href=\"https:\/\/www.sue\u00f1aentretelas.es\/catalogsearch\/result\/?q=mikado\" target=\"_blank\" rel=\"noreferrer noopener\">raso mikado<\/a><\/strong>, ideales para crear cuerpos estructurados y elegantes. \u00a1El toque final para un traje \u00fanico!<\/li>\n\n\n\n<li><strong>Blusones:<\/strong> Dale un toque especial a tu traje con nuestros blusones confeccionados con <strong><a href=\"https:\/\/www.sue\u00f1aentretelas.es\/catalogsearch\/result\/?q=viella\" target=\"_blank\" rel=\"noreferrer noopener\">viellas <\/a><\/strong>o <strong><a href=\"https:\/\/www.sue\u00f1aentretelas.es\/catalogsearch\/result\/?q=japonesa\" target=\"_blank\" rel=\"noreferrer noopener\">telas japonesas<\/a><\/strong>. La combinaci\u00f3n perfecta de tradici\u00f3n y modernidad.<\/li>\n\n\n\n<li><strong>Pa\u00f1olones y capas: <\/strong>Abriga con estilo con nuestros pa\u00f1olones y capas de <strong><a href=\"https:\/\/www.sue\u00f1aentretelas.es\/catalogsearch\/result\/?q=damasco\" target=\"_blank\" rel=\"noreferrer noopener\">damasco <\/a><\/strong>o <strong><a href=\"https:\/\/www.sue\u00f1aentretelas.es\/catalogsearch\/result\/?q=coralina\" target=\"_blank\" rel=\"noreferrer noopener\">coralina<\/a><\/strong>. \u00a1El complemento perfecto para tus salidas!<\/li>\n\n\n\n<li><strong>Vestiduras de carros:<\/strong> Decora tu carro con nuestras <a href=\"https:\/\/www.xn--sueaentretelas-snb.es\/blog\/catalogsearch\/result\/?q=alpujarra\" target=\"_blank\" rel=\"noreferrer noopener\"><strong>alpujarras<\/strong><\/a>, un tejido tradicional que aportar\u00e1 un toque de autenticidad a tus fiestas.<\/li>\n\n\n\n<li><strong>Camisas y blusas: <\/strong>Encuentra las camisas y blusas perfectas para completar tu traje regional. Una amplia variedad de tejidos y dise\u00f1os para todos los gustos. Desde <strong><a href=\"https:\/\/www.sue\u00f1aentretelas.es\/batista-blanca.html\" target=\"_blank\" rel=\"noreferrer noopener\">batistas<\/a><\/strong> hasta <strong><a href=\"https:\/\/www.sue\u00f1aentretelas.es\/lino-blanco.html\" target=\"_blank\" rel=\"noreferrer noopener\">lino<\/a> <\/strong>o <strong><a href=\"https:\/\/www.sue\u00f1aentretelas.es\/lino-blanco-semihilo.html\" target=\"_blank\" rel=\"noreferrer noopener\">semihilo<\/a><\/strong>.<\/li>\n\n\n\n<li><strong>Zarag\u00fcell:<\/strong> Confecciona tu propio zarag\u00fcell con nuestras telas de alta calidad, de <strong><a href=\"https:\/\/www.sue\u00f1aentretelas.es\/lino-blanco.html\" target=\"_blank\" rel=\"noreferrer noopener\">lino<\/a><\/strong>, <strong><a href=\"https:\/\/www.sue\u00f1aentretelas.es\/gabardina-blancaa.html\" target=\"_blank\" rel=\"noreferrer noopener\">gabardina<\/a> <\/strong>o <strong><a href=\"https:\/\/www.sue\u00f1aentretelas.es\/sarga-algodon-blanca.html\" target=\"_blank\" rel=\"noreferrer noopener\">sarga<\/a><\/strong>. \u00a1Un cl\u00e1sico que nunca pasa de moda!<\/li>\n\n\n\n<li><strong>Negrilla:<\/strong> El <strong><a href=\"https:\/\/www.sue\u00f1aentretelas.es\/pa-o-granate.html\" target=\"_blank\" rel=\"noreferrer noopener\">pa\u00f1o<\/a><\/strong>, el <strong><a href=\"https:\/\/www.sue\u00f1aentretelas.es\/terciopelo-cereza-algodon.html\" target=\"_blank\" rel=\"noreferrer noopener\">terciopelo<\/a><\/strong>, la <strong><a href=\"https:\/\/www.sue\u00f1aentretelas.es\/gabardina-vigore-negro.html\" target=\"_blank\" rel=\"noreferrer noopener\">gabardina vigor\u00e9<\/a><\/strong> y la <strong><a href=\"https:\/\/www.sue\u00f1aentretelas.es\/chenilla-taupe.html\" target=\"_blank\" rel=\"noreferrer noopener\">chenilla<\/a><\/strong> son opciones perfectas para confeccionar negrillas elegantes y confortables.<\/li>\n<\/ul>\n\n\n\n<h2 class=\"wp-block-heading\">Preguntas frecuentes (FAQs)<\/h2>\n\n\n\n<h4 class=\"wp-block-heading\"><strong>1. \u00bfD\u00f3nde puedo encontrar patrones para confeccionar un traje manchego para hombre? <\/strong><\/h4>\n\n\n\n<p>En tiendas especializadas en costura y en internet puedes encontrar una amplia variedad de patrones. Tambi\u00e9n puedes consultar con un sastre para que te elabore un patr\u00f3n personalizado.<\/p>\n\n\n\n<h4 class=\"wp-block-heading\"><strong>2. \u00bfCu\u00e1l es la mejor \u00e9poca del a\u00f1o para llevar un traje manchego? <\/strong><\/h4>\n\n\n\n<p>El traje manchego para hombre es una prenda vers\u00e1til que puede llevarse durante todo el a\u00f1o, aunque es especialmente adecuado para las estaciones m\u00e1s fr\u00edas.<\/p>\n\n\n\n<h4 class=\"wp-block-heading\"><strong>3. \u00bfC\u00f3mo puedo combinar el traje manchego con otros elementos de vestuario? <\/strong><\/h4>\n\n\n\n<p>El traje manchego combina a la perfecci\u00f3n con complementos como sombreros de ala ancha, fajas de cuero y abarcas.<\/p>\n\n\n\n<p>El <strong>traje manchego para hombre<\/strong> es mucho m\u00e1s que una simple prenda de vestir. Es un s\u00edmbolo de identidad, un legado cultural y una fuente de inspiraci\u00f3n para dise\u00f1adores y amantes de la moda. En <strong><a href=\"https:\/\/www.xn--sueaentretelas-snb.es\/blog\/\" target=\"_blank\" rel=\"noreferrer noopener\">Sue\u00f1a Entre Telas<\/a><\/strong> te invitamos a descubrir el mundo del traje manchego y a crear tu propio atuendo tradicional.<\/p>\n\n\n\n<p><strong>\u00a1An\u00edmate hoy mismo a confeccionar tu traje manchego para hombre y a sentirte orgulloso de tus ra\u00edces! <a href=\"https:\/\/www.xn--sueaentretelas-snb.es\/blog\/contact\" target=\"_blank\" rel=\"noreferrer noopener\">\u00a1Contacta con nosotros!<\/a><\/strong><\/p>\n","protected":false},"excerpt":{"rendered":"<p>El traje manchego para hombre es mucho m\u00e1s que una simple prenda de vestir. Representa siglos de historia, tradici\u00f3n y un profundo arraigo a la tierra. Sus colores vibrantes, sus tejidos nobles y sus dise\u00f1os elaborados lo convierten en un icono de la moda regional, capaz de cautivar tanto a los amantes de la tradici\u00f3n [&hellip;]<\/p>\n","protected":false},"author":2,"featured_media":2172,"comment_status":"open","ping_status":"open","sticky":false,"template":"","format":"standard","meta":{"footnotes":""},"categories":[1],"tags":[],"class_list":["post-2147","post","type-post","status-publish","format-standard","has-post-thumbnail","hentry","category-sin-categoria","entry","has-media"],"_links":{"self":[{"href":"https:\/\/xn--sueaentretelas-snb.es\/blog\/wp-json\/wp\/v2\/posts\/2147","targetHints":{"allow":["GET"]}}],"collection":[{"href":"https:\/\/xn--sueaentretelas-snb.es\/blog\/wp-json\/wp\/v2\/posts"}],"about":[{"href":"https:\/\/xn--sueaentretelas-snb.es\/blog\/wp-json\/wp\/v2\/types\/post"}],"author":[{"embeddable":true,"href":"https:\/\/xn--sueaentretelas-snb.es\/blog\/wp-json\/wp\/v2\/users\/2"}],"replies":[{"embeddable":true,"href":"https:\/\/xn--sueaentretelas-snb.es\/blog\/wp-json\/wp\/v2\/comments?post=2147"}],"version-history":[{"count":4,"href":"https:\/\/xn--sueaentretelas-snb.es\/blog\/wp-json\/wp\/v2\/posts\/2147\/revisions"}],"predecessor-version":[{"id":2306,"href":"https:\/\/xn--sueaentretelas-snb.es\/blog\/wp-json\/wp\/v2\/posts\/2147\/revisions\/2306"}],"wp:featuredmedia":[{"embeddable":true,"href":"https:\/\/xn--sueaentretelas-snb.es\/blog\/wp-json\/wp\/v2\/media\/2172"}],"wp:attachment":[{"href":"https:\/\/xn--sueaentretelas-snb.es\/blog\/wp-json\/wp\/v2\/media?parent=2147"}],"wp:term":[{"taxonomy":"category","embeddable":true,"href":"https:\/\/xn--sueaentretelas-snb.es\/blog\/wp-json\/wp\/v2\/categories?post=2147"},{"taxonomy":"post_tag","embeddable":true,"href":"https:\/\/xn--sueaentretelas-snb.es\/blog\/wp-json\/wp\/v2\/tags?post=2147"}],"curies":[{"name":"wp","href":"https:\/\/api.w.org\/{rel}","templated":true}]}}