{"id":2132,"date":"2024-08-06T09:31:26","date_gmt":"2024-08-06T09:31:26","guid":{"rendered":"https:\/\/xn--sueaentretelas-snb.es\/blog\/?p=2132"},"modified":"2024-09-03T08:38:33","modified_gmt":"2024-09-03T08:38:33","slug":"indumentaria-fallera-online","status":"publish","type":"post","link":"https:\/\/xn--sueaentretelas-snb.es\/blog\/indumentaria-fallera-online\/","title":{"rendered":"Indumentaria fallera online: Todo lo que necesitas saber para vestir tu tradici\u00f3n"},"content":{"rendered":"\n<p><strong>La indumentaria fallera online<\/strong> ha revolucionado la forma en que vivimos nuestra tradici\u00f3n. Ya no es necesario recorrer innumerables tiendas f\u00edsicas para encontrar los tejidos perfectos o los complementos m\u00e1s exclusivos. Desde la comodidad de tu hogar, puedes explorar un universo de posibilidades y crear un traje a medida que refleje tu personalidad y estilo.<\/p>\n\n\n\n<p>En Sue\u00f1a Entre Telas, queremos acompa\u00f1arte en este apasionante viaje. Por eso, hemos preparado esta gu\u00eda completa sobre <strong>indumentaria fallera online<\/strong>. Encontrar\u00e1s informaci\u00f3n valiosa sobre los diferentes tipos de tejidos, consejos para elegir los patrones adecuados y recomendaciones para combinar colores y accesorios. \u00a1Prep\u00e1rate para sumergirte en el mundo de la moda fallera!<\/p>\n\n\n\n<h2 class=\"wp-block-heading\"><strong>La importancia de elegir los tejidos adecuados<\/strong><\/h2>\n\n\n\n<p>La elecci\u00f3n del tejido es fundamental para conseguir un traje fallero de calidad y duradero. En Sue\u00f1a Entre Telas, encontrar\u00e1s una amplia variedad de <strong>tejidos para indumentaria fallera online<\/strong>. Desde las sedas m\u00e1s finas hasta los brocados m\u00e1s elaborados, tenemos todo lo que necesitas para dar vida a tus dise\u00f1os.<\/p>\n\n\n\n<ul class=\"wp-block-list\">\n<li><strong>Sedas naturales:<\/strong> Son los tejidos m\u00e1s utilizados en la confecci\u00f3n de trajes falleros. Su ca\u00edda, brillo y suavidad los hacen perfectos para faldas, corpi\u00f1os y mantillas.<\/li>\n\n\n\n<li><strong>Brocados:<\/strong> Aportan un toque de elegancia y sofisticaci\u00f3n. Son ideales para trajes de fallera mayor y para ocasiones especiales.<\/li>\n\n\n\n<li><strong>Rasos:<\/strong> Ofrecen un acabado brillante y son muy vers\u00e1tiles. Se pueden utilizar tanto para trajes de fallera infantil como para adultos.<\/li>\n\n\n\n<li><strong>Algod\u00f3n:<\/strong> Es un tejido fresco y c\u00f3modo, perfecto para los meses m\u00e1s c\u00e1lidos. Se utiliza principalmente para la confecci\u00f3n de camisas y peinetas.<\/li>\n<\/ul>\n\n\n\n<h2 class=\"wp-block-heading\"><strong>\u00bfC\u00f3mo elegir el tejido ideal?<\/strong><\/h2>\n\n\n\n<ul class=\"wp-block-list\">\n<li><strong>Ocasi\u00f3n:<\/strong> El tipo de evento determinar\u00e1 el tejido m\u00e1s adecuado. Para un traje de fallera infantil, puedes optar por tejidos m\u00e1s ligeros y coloridos, mientras que para un traje de fallera mayor, los brocados y las sedas naturales son una excelente elecci\u00f3n.<\/li>\n\n\n\n<li><strong>Estaci\u00f3n del a\u00f1o:<\/strong> Los tejidos m\u00e1s frescos son ideales para los meses de primavera y verano, mientras que los tejidos m\u00e1s c\u00e1lidos son perfectos para el oto\u00f1o y el invierno.<\/li>\n\n\n\n<li><strong>Color:<\/strong> El color de tu traje debe combinar con los complementos y la \u00e9poca del a\u00f1o. Los colores vivos y alegres son perfectos para la primavera, mientras que los tonos m\u00e1s oscuros y sofisticados son ideales para el oto\u00f1o.<\/li>\n<\/ul>\n\n\n\n<h2 class=\"wp-block-heading\"><strong>Patrones y confecci\u00f3n: la clave de un traje perfecto<\/strong><\/h2>\n\n\n\n<p>Una vez que hayas elegido los tejidos, es hora de seleccionar los patrones y comenzar la confecci\u00f3n. Si no tienes experiencia en costura, puedes recurrir a un modista profesional o seguir tutoriales online.<\/p>\n\n\n\n<ul class=\"wp-block-list\">\n<li><strong>Patrones comerciales:<\/strong> Existen numerosos patrones comerciales dise\u00f1ados espec\u00edficamente para indumentaria fallera. Puedes encontrarlos en tiendas especializadas o en tiendas de telas online.<\/li>\n\n\n\n<li><strong>Patrones personalizados:<\/strong> Si buscas un traje \u00fanico y exclusivo, puedes encargar un patr\u00f3n personalizado a un modista.<\/li>\n\n\n\n<li><strong>Tutoriales online:<\/strong> En internet encontrar\u00e1s una gran cantidad de tutoriales y v\u00eddeos que te ense\u00f1ar\u00e1n a confeccionar tu propio traje faller.<\/li>\n<\/ul>\n\n\n\n<h2 class=\"wp-block-heading\"><strong>Consejos para la confecci\u00f3n:<\/strong><\/h2>\n\n\n\n<ul class=\"wp-block-list\">\n<li><strong>Toma medidas precisas:<\/strong> Antes de comenzar a cortar la tela, aseg\u00farate de tomar tus medidas con precisi\u00f3n.<\/li>\n\n\n\n<li><strong>Sigue las instrucciones del patr\u00f3n:<\/strong> Los patrones suelen incluir instrucciones detalladas sobre c\u00f3mo cortar y coser las piezas.<\/li>\n\n\n\n<li><strong>Prueba el traje a medida que lo confeccionas:<\/strong> Realiza pruebas peri\u00f3dicas para asegurarte de que el traje te queda bien y hacer los ajustes necesarios.<\/li>\n<\/ul>\n\n\n\n<h2 class=\"wp-block-heading\"><strong>Complementos y accesorios: el toque final<\/strong><\/h2>\n\n\n\n<p>Los complementos son los encargados de personalizar la <strong>indumentaria fallera <\/strong>y darle un toque \u00fanico. En Sue\u00f1a Entre Telas encontrar\u00e1s todo lo que necesitas:<\/p>\n\n\n\n<ul class=\"wp-block-list\">\n<li><strong>Entretelas y forros:<\/strong> Esenciales para dar cuerpo y estructura a tus prendas. Descubre nuestra variedad de entretelas y forros para cuerpos, blusas y chaquetas. Desde el <strong><a href=\"https:\/\/www.xn--sueaentretelas-snb.es\/blog\/entretela-sanfor.html\" target=\"_blank\" rel=\"noreferrer noopener\">sanfor<\/a><\/strong>, pasando por la <strong><a href=\"https:\/\/www.xn--sueaentretelas-snb.es\/blog\/entretela-no-adhesiva.html\" target=\"_blank\" rel=\"noreferrer noopener\">base<\/a><\/strong>, el <strong><a href=\"https:\/\/www.xn--sueaentretelas-snb.es\/blog\/bucaram-tartalana-1.html\" target=\"_blank\" rel=\"noreferrer noopener\">bucaran<\/a><\/strong>, la <a href=\"https:\/\/www.xn--sueaentretelas-snb.es\/blog\/entretela-no-adhesiva-nbl.html\" target=\"_blank\" rel=\"noreferrer noopener\"><strong>entretela NBL<\/strong><\/a>, la <strong><a href=\"https:\/\/www.xn--sueaentretelas-snb.es\/blog\/retorta-gruesa.html\" target=\"_blank\" rel=\"noreferrer noopener\">retorta<\/a><\/strong>, el <strong><a href=\"https:\/\/www.xn--sueaentretelas-snb.es\/blog\/catalogsearch\/result\/?q=FORRO+DE+SEDA\" target=\"_blank\" rel=\"noreferrer noopener\">forro de seda<\/a><\/strong> o el <strong><a href=\"https:\/\/www.xn--sueaentretelas-snb.es\/blog\/raso-beige.html\" target=\"_blank\" rel=\"noreferrer noopener\">forro de raso<\/a><\/strong>.<\/li>\n\n\n\n<li><strong>Mercer\u00eda:<\/strong> <a href=\"https:\/\/www.xn--sueaentretelas-snb.es\/blog\/catalogsearch\/result\/?q=HILO+1000\" target=\"_blank\" rel=\"noreferrer noopener\"><strong>Hilos de poli\u00e9ster<\/strong><\/a>, <a href=\"https:\/\/www.xn--sueaentretelas-snb.es\/blog\/catalogsearch\/result\/?q=HILVANAR\" target=\"_blank\" rel=\"noreferrer noopener\"><strong>hilos de algod\u00f3n<\/strong><\/a>, <strong><a href=\"https:\/\/www.xn--sueaentretelas-snb.es\/blog\/catalogsearch\/result\/?q=TORZAL\" target=\"_blank\" rel=\"noreferrer noopener\">hilo de torzal<\/a><\/strong>, <strong><a href=\"https:\/\/www.xn--sueaentretelas-snb.es\/blog\/corchete-presilla.html\" target=\"_blank\" rel=\"noreferrer noopener\">corchetes<\/a><\/strong>, <strong><a href=\"https:\/\/www.xn--sueaentretelas-snb.es\/blog\/tira-corchetera-nylon-beige.html\" target=\"_blank\" rel=\"noreferrer noopener\">tiras corcheteras<\/a><\/strong>, <strong><a href=\"https:\/\/www.xn--sueaentretelas-snb.es\/blog\/cremallera-abierta-celeste-50cm-5.html\" target=\"_blank\" rel=\"noreferrer noopener\">cremalleras<\/a><\/strong>, <strong><a href=\"https:\/\/www.xn--sueaentretelas-snb.es\/blog\/broche-pantalon.html\" target=\"_blank\" rel=\"noreferrer noopener\">cierres de falda<\/a><\/strong>, <a href=\"https:\/\/www.xn--sueaentretelas-snb.es\/blog\/ballena-plastica-1-5mm.html\" target=\"_blank\" rel=\"noreferrer noopener\"><strong>ballenas pl\u00e1sticas<\/strong><\/a>, <a href=\"https:\/\/www.xn--sueaentretelas-snb.es\/blog\/cordon-mecha-4mm-blanco.html\" target=\"_blank\" rel=\"noreferrer noopener\"><strong>cordones de mecha<\/strong><\/a>, <strong><a href=\"https:\/\/www.xn--sueaentretelas-snb.es\/blog\/aguja-pasacintas-niquelada.html\" target=\"_blank\" rel=\"noreferrer noopener\">agujas<\/a><\/strong>, <strong><a href=\"https:\/\/www.xn--sueaentretelas-snb.es\/blog\/catalogsearch\/result\/?q=dedal\" target=\"_blank\" rel=\"noreferrer noopener\">dedales<\/a><\/strong> y mucho m\u00e1s para dar el toque final a tu traje.<\/li>\n\n\n\n<li><strong>Para manteletas, delantales, enaguas, pololos y chambras:<\/strong> Encuentra los complementos perfectos para completar tu traje regional, como las <a href=\"https:\/\/www.xn--sueaentretelas-snb.es\/blog\/batista-blanca.html\" target=\"_blank\" rel=\"noreferrer noopener\"><strong>batistas<\/strong><\/a>, <a href=\"https:\/\/www.xn--sueaentretelas-snb.es\/blog\/batista-organdizada-blanca.html\" target=\"_blank\" rel=\"noreferrer noopener\"><strong>batistas organdizadas<\/strong><\/a> o <strong><a href=\"https:\/\/www.xn--sueaentretelas-snb.es\/blog\/catalogsearch\/result\/?q=batista+plumeti\" target=\"_blank\" rel=\"noreferrer noopener\">batista plumeti<\/a><\/strong>.<\/li>\n\n\n\n<li><strong>Para cuerpos: <\/strong>El cuerpo es la base de un traje regional. Descubre en nuestra tienda online una amplia gama de tejidos como el <strong><a href=\"https:\/\/www.sue\u00f1aentretelas.es\/shantung-poliester-negro.html\" target=\"_blank\" rel=\"noreferrer noopener\">shantung<\/a><\/strong>, el <strong><a href=\"https:\/\/www.sue\u00f1aentretelas.es\/otoman-negro.html\" target=\"_blank\" rel=\"noreferrer noopener\">otom\u00e1n<\/a><\/strong>, el <a href=\"https:\/\/www.sue\u00f1aentretelas.es\/catalogsearch\/result\/?q=tafetan\" target=\"_blank\" rel=\"noreferrer noopener\"><strong>tafet\u00e1n <\/strong><\/a>y el <strong><a href=\"https:\/\/www.sue\u00f1aentretelas.es\/catalogsearch\/result\/?q=mikado\" target=\"_blank\" rel=\"noreferrer noopener\">raso mikado<\/a><\/strong>, ideales para crear cuerpos estructurados y elegantes. \u00a1El toque final para un traje \u00fanico!<\/li>\n\n\n\n<li><strong>Blusones:<\/strong> Dale un toque especial a tu traje con nuestros blusones confeccionados con <strong><a href=\"https:\/\/www.sue\u00f1aentretelas.es\/catalogsearch\/result\/?q=viella\" target=\"_blank\" rel=\"noreferrer noopener\">viellas <\/a><\/strong>o <strong><a href=\"https:\/\/www.sue\u00f1aentretelas.es\/catalogsearch\/result\/?q=japonesa\" target=\"_blank\" rel=\"noreferrer noopener\">telas japonesas<\/a><\/strong>. La combinaci\u00f3n perfecta de tradici\u00f3n y modernidad.<\/li>\n\n\n\n<li><strong>Pa\u00f1olones y capas: <\/strong>Abriga con estilo con nuestros pa\u00f1olones y capas de <strong><a href=\"https:\/\/www.sue\u00f1aentretelas.es\/catalogsearch\/result\/?q=damasco\" target=\"_blank\" rel=\"noreferrer noopener\">damasco <\/a><\/strong>o <strong><a href=\"https:\/\/www.sue\u00f1aentretelas.es\/catalogsearch\/result\/?q=coralina\" target=\"_blank\" rel=\"noreferrer noopener\">coralina<\/a><\/strong>. \u00a1El complemento perfecto para tus salidas!<\/li>\n\n\n\n<li><strong>Vestiduras de carros:<\/strong> Decora tu carro con nuestras <a href=\"https:\/\/www.xn--sueaentretelas-snb.es\/blog\/catalogsearch\/result\/?q=alpujarra\" target=\"_blank\" rel=\"noreferrer noopener\"><strong>alpujarras<\/strong><\/a>, un tejido tradicional que aportar\u00e1 un toque de autenticidad a tus fiestas.<\/li>\n\n\n\n<li><strong>Camisas y blusas: <\/strong>Encuentra las camisas y blusas perfectas para completar tu traje regional. Una amplia variedad de tejidos y dise\u00f1os para todos los gustos. Desde <strong><a href=\"https:\/\/www.sue\u00f1aentretelas.es\/batista-blanca.html\" target=\"_blank\" rel=\"noreferrer noopener\">batistas<\/a><\/strong> hasta <strong><a href=\"https:\/\/www.sue\u00f1aentretelas.es\/lino-blanco.html\" target=\"_blank\" rel=\"noreferrer noopener\">lino<\/a> <\/strong>o <strong><a href=\"https:\/\/www.sue\u00f1aentretelas.es\/lino-blanco-semihilo.html\" target=\"_blank\" rel=\"noreferrer noopener\">semihilo<\/a><\/strong>.<\/li>\n\n\n\n<li><strong>Zarag\u00fcell:<\/strong> Confecciona tu propio zarag\u00fcell con nuestras telas de alta calidad, de <strong><a href=\"https:\/\/www.sue\u00f1aentretelas.es\/lino-blanco.html\" target=\"_blank\" rel=\"noreferrer noopener\">lino<\/a><\/strong>, <strong><a href=\"https:\/\/www.sue\u00f1aentretelas.es\/gabardina-blancaa.html\" target=\"_blank\" rel=\"noreferrer noopener\">gabardina<\/a> <\/strong>o <strong><a href=\"https:\/\/www.sue\u00f1aentretelas.es\/sarga-algodon-blanca.html\" target=\"_blank\" rel=\"noreferrer noopener\">sarga<\/a><\/strong>. \u00a1Un cl\u00e1sico que nunca pasa de moda!<\/li>\n\n\n\n<li><strong>Negrilla:<\/strong> El <strong><a href=\"https:\/\/www.sue\u00f1aentretelas.es\/pa-o-granate.html\" target=\"_blank\" rel=\"noreferrer noopener\">pa\u00f1o<\/a><\/strong>, el <strong><a href=\"https:\/\/www.sue\u00f1aentretelas.es\/terciopelo-cereza-algodon.html\" target=\"_blank\" rel=\"noreferrer noopener\">terciopelo<\/a><\/strong>, la <strong><a href=\"https:\/\/www.sue\u00f1aentretelas.es\/gabardina-vigore-negro.html\" target=\"_blank\" rel=\"noreferrer noopener\">gabardina vigor\u00e9<\/a><\/strong> y la <strong><a href=\"https:\/\/www.sue\u00f1aentretelas.es\/chenilla-taupe.html\" target=\"_blank\" rel=\"noreferrer noopener\">chenilla<\/a><\/strong> son opciones perfectas para confeccionar negrillas elegantes y confortables.<\/li>\n<\/ul>\n\n\n\n<h2 class=\"wp-block-heading\"><strong>Consejos para elegir complementos:<\/strong><\/h2>\n\n\n\n<ul class=\"wp-block-list\">\n<li><strong>Combina los colores:<\/strong> Los complementos deben combinar con los colores de tu traje.<\/li>\n\n\n\n<li><strong>Elige accesorios de calidad:<\/strong> Los accesorios de calidad durar\u00e1n m\u00e1s tiempo y te proporcionar\u00e1n un aspecto m\u00e1s sofisticado.<\/li>\n\n\n\n<li><strong>No te excedas:<\/strong> Evita cargarte de demasiados complementos.<\/li>\n<\/ul>\n\n\n\n<h2 class=\"wp-block-heading\"><strong>Preguntas frecuentes<\/strong> (FAQs)<\/h2>\n\n\n\n<h4 class=\"wp-block-heading\"><strong>1. \u00bfPuedo comprar un traje fallero ya hecho? <\/strong><\/h4>\n\n\n\n<p>S\u00ed, puedes comprar trajes falleros ya hechos en tiendas especializadas o en tiendas online. Sin embargo, si buscas un traje \u00fanico y personalizado, te recomendamos que lo confecciones a medida.<\/p>\n\n\n\n<h4 class=\"wp-block-heading\"><strong>2. \u00bfC\u00f3mo puedo cuidar mi traje fallero? <\/strong><\/h4>\n\n\n\n<p>Para cuidar tu traje fallero, te recomendamos que lo guardes en una funda protectora cuando no lo uses y que lo lleves a la tintorer\u00eda especializada en tejidos delicados.<\/p>\n\n\n\n<h4 class=\"wp-block-heading\"><strong>3. \u00bfCu\u00e1l es la mejor \u00e9poca del a\u00f1o para comprar tejidos para indumentaria fallera<\/strong> online<strong>? <\/strong><\/h4>\n\n\n\n<p>La mejor \u00e9poca para comprar tejidos es durante los meses de invierno, ya que es cuando las tiendas suelen tener m\u00e1s variedad y mejores precios.<\/p>\n\n\n\n<p>La <strong>indumentaria fallera online<\/strong> te ofrece la oportunidad de crear un traje \u00fanico y personalizado que te haga sentir especial en las Fallas. En <strong><a href=\"https:\/\/www.xn--sueaentretelas-snb.es\/blog\/\" target=\"_blank\" rel=\"noreferrer noopener\">Sue\u00f1a Entre Telas<\/a><\/strong>, encontrar\u00e1s todo lo que necesitas para dar vida a tus dise\u00f1os: tejidos de alta calidad, patrones, complementos y accesorios. \u00a1An\u00edmate a explorar nuestro cat\u00e1logo y a crear tu propio traje fallero! <strong><a href=\"https:\/\/www.xn--sueaentretelas-snb.es\/blog\/contact\" target=\"_blank\" rel=\"noreferrer noopener\">Contacta con nosotros.<\/a><\/strong><\/p>\n\n\n\n<p>La indumentaria fallera es mucho m\u00e1s que una simple prenda de vestir. Es una expresi\u00f3n de nuestra cultura y de nuestras tradiciones. Al elegir cuidadosamente cada detalle de tu traje, estar\u00e1s rindiendo homenaje a la historia y a las mujeres y hombres que han mantenido viva esta tradici\u00f3n a lo largo de los a\u00f1os.<\/p>\n","protected":false},"excerpt":{"rendered":"<p>La indumentaria fallera online ha revolucionado la forma en que vivimos nuestra tradici\u00f3n. Ya no es necesario recorrer innumerables tiendas f\u00edsicas para encontrar los tejidos perfectos o los complementos m\u00e1s exclusivos. Desde la comodidad de tu hogar, puedes explorar un universo de posibilidades y crear un traje a medida que refleje tu personalidad y estilo. [&hellip;]<\/p>\n","protected":false},"author":2,"featured_media":2162,"comment_status":"open","ping_status":"open","sticky":false,"template":"","format":"standard","meta":{"footnotes":""},"categories":[1],"tags":[],"class_list":["post-2132","post","type-post","status-publish","format-standard","has-post-thumbnail","hentry","category-sin-categoria","entry","has-media"],"_links":{"self":[{"href":"https:\/\/xn--sueaentretelas-snb.es\/blog\/wp-json\/wp\/v2\/posts\/2132","targetHints":{"allow":["GET"]}}],"collection":[{"href":"https:\/\/xn--sueaentretelas-snb.es\/blog\/wp-json\/wp\/v2\/posts"}],"about":[{"href":"https:\/\/xn--sueaentretelas-snb.es\/blog\/wp-json\/wp\/v2\/types\/post"}],"author":[{"embeddable":true,"href":"https:\/\/xn--sueaentretelas-snb.es\/blog\/wp-json\/wp\/v2\/users\/2"}],"replies":[{"embeddable":true,"href":"https:\/\/xn--sueaentretelas-snb.es\/blog\/wp-json\/wp\/v2\/comments?post=2132"}],"version-history":[{"count":4,"href":"https:\/\/xn--sueaentretelas-snb.es\/blog\/wp-json\/wp\/v2\/posts\/2132\/revisions"}],"predecessor-version":[{"id":2292,"href":"https:\/\/xn--sueaentretelas-snb.es\/blog\/wp-json\/wp\/v2\/posts\/2132\/revisions\/2292"}],"wp:featuredmedia":[{"embeddable":true,"href":"https:\/\/xn--sueaentretelas-snb.es\/blog\/wp-json\/wp\/v2\/media\/2162"}],"wp:attachment":[{"href":"https:\/\/xn--sueaentretelas-snb.es\/blog\/wp-json\/wp\/v2\/media?parent=2132"}],"wp:term":[{"taxonomy":"category","embeddable":true,"href":"https:\/\/xn--sueaentretelas-snb.es\/blog\/wp-json\/wp\/v2\/categories?post=2132"},{"taxonomy":"post_tag","embeddable":true,"href":"https:\/\/xn--sueaentretelas-snb.es\/blog\/wp-json\/wp\/v2\/tags?post=2132"}],"curies":[{"name":"wp","href":"https:\/\/api.w.org\/{rel}","templated":true}]}}