{"id":2124,"date":"2024-08-06T08:34:33","date_gmt":"2024-08-06T08:34:33","guid":{"rendered":"https:\/\/xn--sueaentretelas-snb.es\/blog\/?p=2124"},"modified":"2024-09-03T07:23:07","modified_gmt":"2024-09-03T07:23:07","slug":"telas-falleras-universo-colores-texturas","status":"publish","type":"post","link":"https:\/\/xn--sueaentretelas-snb.es\/blog\/telas-falleras-universo-colores-texturas\/","title":{"rendered":"Telas falleras: Un universo de colores y texturas para tu traje"},"content":{"rendered":"\n<p>Las <strong>telas falleras<\/strong> son mucho m\u00e1s que un simple tejido; son la esencia de la indumentaria tradicional valenciana y un elemento clave para lucir un traje de fallera impecable. En Sue\u00f1a Entre Telas, queremos adentrarte en este fascinante mundo y ayudarte a elegir las telas perfectas para tu traje.<\/p>\n\n\n\n<h2 class=\"wp-block-heading\"><strong>La importancia de las telas falleras en la indumentaria valenciana<\/strong><\/h2>\n\n\n\n<p>La elecci\u00f3n de las <strong>telas falleras<\/strong> es una decisi\u00f3n fundamental a la hora de confeccionar un traje. Estas telas, con sus dise\u00f1os y texturas \u00fanicas, no solo embellecen la indumentaria, sino que tambi\u00e9n reflejan la tradici\u00f3n y la cultura valenciana.<\/p>\n\n\n\n<p>Los tejidos utilizados en la confecci\u00f3n de los trajes de fallera han evolucionado a lo largo de los a\u00f1os, adapt\u00e1ndose a las nuevas tendencias y manteniendo, al mismo tiempo, su esencia tradicional. En la actualidad, encontramos una amplia variedad de <strong>telas falleras<\/strong> en el mercado, desde los dise\u00f1os m\u00e1s cl\u00e1sicos hasta los m\u00e1s modernos y vanguardistas.<\/p>\n\n\n\n<h2 class=\"wp-block-heading\"><strong>Tipos de telas falleras y sus caracter\u00edsticas<\/strong><\/h2>\n\n\n\n<p>Las <strong>telas falleras<\/strong> se caracterizan por su alta calidad y por sus dise\u00f1os exclusivos. Algunos de los tipos de telas m\u00e1s utilizados en la confecci\u00f3n de trajes de fallera son:<\/p>\n\n\n\n<ul class=\"wp-block-list\">\n<li><strong>Damasco:<\/strong> Una tela de gran belleza y elegancia, con un tejido denso y dise\u00f1os florales o geom\u00e9tricos.<\/li>\n\n\n\n<li><strong>Brocado:<\/strong> Tela de gran riqueza, con hilos de oro o plata que crean dise\u00f1os sofisticados y llenos de luz.<\/li>\n\n\n\n<li><strong>Rasos:<\/strong> Telas lisas y brillantes, perfectas para crear contrastes con otras telas m\u00e1s elaboradas.<\/li>\n\n\n\n<li><strong>Lona:<\/strong> Tela resistente y duradera, ideal para la confecci\u00f3n de faldas y otros complementos.<\/li>\n\n\n\n<li><strong>Algod\u00f3n:<\/strong> Tela natural y fresca, perfecta para los meses m\u00e1s c\u00e1lidos.<\/li>\n<\/ul>\n\n\n\n<h2 class=\"wp-block-heading\"><strong>Consejos para elegir las telas falleras perfectas<\/strong><\/h2>\n\n\n\n<p>La elecci\u00f3n de las <strong>telas falleras<\/strong> depender\u00e1 de diversos factores, como la ocasi\u00f3n, el estilo personal y la \u00e9poca del a\u00f1o. A continuaci\u00f3n, te ofrecemos algunos consejos para que puedas elegir las telas perfectas para tu traje:<\/p>\n\n\n\n<ul class=\"wp-block-list\">\n<li><strong>Ten en cuenta la ocasi\u00f3n:<\/strong> Si vas a lucir tu traje en una falla, en una procesi\u00f3n religiosa o en un evento m\u00e1s informal, la elecci\u00f3n de la tela variar\u00e1.<\/li>\n\n\n\n<li><strong>Elige un dise\u00f1o que te favorezca:<\/strong> Las <strong>telas falleras<\/strong> con estampados grandes pueden acentuar las curvas, mientras que las telas lisas pueden estilizar la figura.<\/li>\n\n\n\n<li><strong>Combina diferentes texturas:<\/strong> Juega con diferentes texturas para crear un traje m\u00e1s din\u00e1mico y original.<\/li>\n\n\n\n<li><strong>Consulta a un profesional:<\/strong> Si tienes dudas, no dudes en consultar a un modisto o a un especialista en indumentaria valenciana.<\/li>\n<\/ul>\n\n\n\n<h2 class=\"wp-block-heading\"><strong>Sue\u00f1a Entre Telas: tu tienda online de telas falleras<\/strong><\/h2>\n\n\n\n<p>En Sue\u00f1a Entre Telas encontrar\u00e1s una amplia variedad de <strong>telas falleras<\/strong> de alta calidad, perfectas para confeccionar tu traje de fallera. Adem\u00e1s de telas, tambi\u00e9n ofrecemos otros productos relacionados con la indumentaria valenciana, como manteletas, cancanes y aderezos.<\/p>\n\n\n\n<p>Los complementos son los encargados de personalizar la <strong>indumentaria fallera <\/strong>y darle un toque \u00fanico. En Sue\u00f1a Entre Telas encontrar\u00e1s todo lo que necesitas:<\/p>\n\n\n\n<ul class=\"wp-block-list\">\n<li><strong>Entretelas y forros:<\/strong> Esenciales para dar cuerpo y estructura a tus prendas. Descubre nuestra variedad de entretelas y forros para cuerpos, blusas y chaquetas. Desde el <strong><a href=\"https:\/\/www.xn--sueaentretelas-snb.es\/blog\/entretela-sanfor.html\" target=\"_blank\" rel=\"noreferrer noopener\">sanfor<\/a><\/strong>, pasando por la <strong><a href=\"https:\/\/www.xn--sueaentretelas-snb.es\/blog\/entretela-no-adhesiva.html\" target=\"_blank\" rel=\"noreferrer noopener\">base<\/a><\/strong>, el <strong><a href=\"https:\/\/www.xn--sueaentretelas-snb.es\/blog\/bucaram-tartalana-1.html\" target=\"_blank\" rel=\"noreferrer noopener\">bucaran<\/a><\/strong>, la <a href=\"https:\/\/www.xn--sueaentretelas-snb.es\/blog\/entretela-no-adhesiva-nbl.html\" target=\"_blank\" rel=\"noreferrer noopener\"><strong>entretela NBL<\/strong><\/a>, la <strong><a href=\"https:\/\/www.xn--sueaentretelas-snb.es\/blog\/retorta-gruesa.html\" target=\"_blank\" rel=\"noreferrer noopener\">retorta<\/a><\/strong>, el <strong><a href=\"https:\/\/www.xn--sueaentretelas-snb.es\/blog\/catalogsearch\/result\/?q=FORRO+DE+SEDA\" target=\"_blank\" rel=\"noreferrer noopener\">forro de seda<\/a><\/strong> o el <strong><a href=\"https:\/\/www.xn--sueaentretelas-snb.es\/blog\/raso-beige.html\" target=\"_blank\" rel=\"noreferrer noopener\">forro de raso<\/a><\/strong>.<\/li>\n\n\n\n<li><strong>Mercer\u00eda:<\/strong> <a href=\"https:\/\/www.xn--sueaentretelas-snb.es\/blog\/catalogsearch\/result\/?q=HILO+1000\" target=\"_blank\" rel=\"noreferrer noopener\"><strong>Hilos de poli\u00e9ster<\/strong><\/a>, <a href=\"https:\/\/www.xn--sueaentretelas-snb.es\/blog\/catalogsearch\/result\/?q=HILVANAR\" target=\"_blank\" rel=\"noreferrer noopener\"><strong>hilos de algod\u00f3n<\/strong><\/a>, <strong><a href=\"https:\/\/www.xn--sueaentretelas-snb.es\/blog\/catalogsearch\/result\/?q=TORZAL\" target=\"_blank\" rel=\"noreferrer noopener\">hilo de torzal<\/a><\/strong>, <strong><a href=\"https:\/\/www.xn--sueaentretelas-snb.es\/blog\/corchete-presilla.html\" target=\"_blank\" rel=\"noreferrer noopener\">corchetes<\/a><\/strong>, <strong><a href=\"https:\/\/www.xn--sueaentretelas-snb.es\/blog\/tira-corchetera-nylon-beige.html\" target=\"_blank\" rel=\"noreferrer noopener\">tiras corcheteras<\/a><\/strong>, <strong><a href=\"https:\/\/www.xn--sueaentretelas-snb.es\/blog\/cremallera-abierta-celeste-50cm-5.html\" target=\"_blank\" rel=\"noreferrer noopener\">cremalleras<\/a><\/strong>, <strong><a href=\"https:\/\/www.xn--sueaentretelas-snb.es\/blog\/broche-pantalon.html\" target=\"_blank\" rel=\"noreferrer noopener\">cierres de falda<\/a><\/strong>, <a href=\"https:\/\/www.xn--sueaentretelas-snb.es\/blog\/ballena-plastica-1-5mm.html\" target=\"_blank\" rel=\"noreferrer noopener\"><strong>ballenas pl\u00e1sticas<\/strong><\/a>, <a href=\"https:\/\/www.xn--sueaentretelas-snb.es\/blog\/cordon-mecha-4mm-blanco.html\" target=\"_blank\" rel=\"noreferrer noopener\"><strong>cordones de mecha<\/strong><\/a>, <strong><a href=\"https:\/\/www.xn--sueaentretelas-snb.es\/blog\/aguja-pasacintas-niquelada.html\" target=\"_blank\" rel=\"noreferrer noopener\">agujas<\/a><\/strong>, <strong><a href=\"https:\/\/www.xn--sueaentretelas-snb.es\/blog\/catalogsearch\/result\/?q=dedal\" target=\"_blank\" rel=\"noreferrer noopener\">dedales<\/a><\/strong> y mucho m\u00e1s para dar el toque final a tu traje.<\/li>\n\n\n\n<li><strong>Para manteletas, delantales, enaguas, pololos y chambras:<\/strong> Encuentra los complementos perfectos para completar tu traje regional, como las <a href=\"https:\/\/www.xn--sueaentretelas-snb.es\/blog\/batista-blanca.html\" target=\"_blank\" rel=\"noreferrer noopener\"><strong>batistas<\/strong><\/a>, <a href=\"https:\/\/www.xn--sueaentretelas-snb.es\/blog\/batista-organdizada-blanca.html\" target=\"_blank\" rel=\"noreferrer noopener\"><strong>batistas organdizadas<\/strong><\/a> o <strong><a href=\"https:\/\/www.xn--sueaentretelas-snb.es\/blog\/catalogsearch\/result\/?q=batista+plumeti\" target=\"_blank\" rel=\"noreferrer noopener\">batista plumeti<\/a><\/strong>.<\/li>\n\n\n\n<li><strong>Para cuerpos: <\/strong>El cuerpo es la base de un traje regional. Descubre en nuestra tienda online una amplia gama de tejidos como el <strong><a href=\"https:\/\/www.sue\u00f1aentretelas.es\/shantung-poliester-negro.html\" target=\"_blank\" rel=\"noreferrer noopener\">shantung<\/a><\/strong>, el <strong><a href=\"https:\/\/www.sue\u00f1aentretelas.es\/otoman-negro.html\" target=\"_blank\" rel=\"noreferrer noopener\">otom\u00e1n<\/a><\/strong>, el <a href=\"https:\/\/www.sue\u00f1aentretelas.es\/catalogsearch\/result\/?q=tafetan\" target=\"_blank\" rel=\"noreferrer noopener\"><strong>tafet\u00e1n <\/strong><\/a>y el <strong><a href=\"https:\/\/www.sue\u00f1aentretelas.es\/catalogsearch\/result\/?q=mikado\" target=\"_blank\" rel=\"noreferrer noopener\">raso mikado<\/a><\/strong>, ideales para crear cuerpos estructurados y elegantes. \u00a1El toque final para un traje \u00fanico!<\/li>\n\n\n\n<li><strong>Blusones:<\/strong> Dale un toque especial a tu traje con nuestros blusones confeccionados con <strong><a href=\"https:\/\/www.sue\u00f1aentretelas.es\/catalogsearch\/result\/?q=viella\" target=\"_blank\" rel=\"noreferrer noopener\">viellas <\/a><\/strong>o <strong><a href=\"https:\/\/www.sue\u00f1aentretelas.es\/catalogsearch\/result\/?q=japonesa\" target=\"_blank\" rel=\"noreferrer noopener\">telas japonesas<\/a><\/strong>. La combinaci\u00f3n perfecta de tradici\u00f3n y modernidad.<\/li>\n\n\n\n<li><strong>Pa\u00f1olones y capas: <\/strong>Abriga con estilo con nuestros pa\u00f1olones y capas de <strong><a href=\"https:\/\/www.sue\u00f1aentretelas.es\/catalogsearch\/result\/?q=damasco\" target=\"_blank\" rel=\"noreferrer noopener\">damasco <\/a><\/strong>o <strong><a href=\"https:\/\/www.sue\u00f1aentretelas.es\/catalogsearch\/result\/?q=coralina\" target=\"_blank\" rel=\"noreferrer noopener\">coralina<\/a><\/strong>. \u00a1El complemento perfecto para tus salidas!<\/li>\n\n\n\n<li><strong>Vestiduras de carros:<\/strong> Decora tu carro con nuestras <a href=\"https:\/\/www.xn--sueaentretelas-snb.es\/blog\/catalogsearch\/result\/?q=alpujarra\" target=\"_blank\" rel=\"noreferrer noopener\"><strong>alpujarras<\/strong><\/a>, un tejido tradicional que aportar\u00e1 un toque de autenticidad a tus fiestas.<\/li>\n\n\n\n<li><strong>Camisas y blusas: <\/strong>Encuentra las camisas y blusas perfectas para completar tu traje regional. Una amplia variedad de tejidos y dise\u00f1os para todos los gustos. Desde <strong><a href=\"https:\/\/www.sue\u00f1aentretelas.es\/batista-blanca.html\" target=\"_blank\" rel=\"noreferrer noopener\">batistas<\/a><\/strong> hasta <strong><a href=\"https:\/\/www.sue\u00f1aentretelas.es\/lino-blanco.html\" target=\"_blank\" rel=\"noreferrer noopener\">lino<\/a> <\/strong>o <strong><a href=\"https:\/\/www.sue\u00f1aentretelas.es\/lino-blanco-semihilo.html\" target=\"_blank\" rel=\"noreferrer noopener\">semihilo<\/a><\/strong>.<\/li>\n\n\n\n<li><strong>Zarag\u00fcell:<\/strong> Confecciona tu propio zarag\u00fcell con nuestras telas de alta calidad, de <strong><a href=\"https:\/\/www.sue\u00f1aentretelas.es\/lino-blanco.html\" target=\"_blank\" rel=\"noreferrer noopener\">lino<\/a><\/strong>, <strong><a href=\"https:\/\/www.sue\u00f1aentretelas.es\/gabardina-blancaa.html\" target=\"_blank\" rel=\"noreferrer noopener\">gabardina<\/a> <\/strong>o <strong><a href=\"https:\/\/www.sue\u00f1aentretelas.es\/sarga-algodon-blanca.html\" target=\"_blank\" rel=\"noreferrer noopener\">sarga<\/a><\/strong>. \u00a1Un cl\u00e1sico que nunca pasa de moda!<\/li>\n\n\n\n<li><strong>Negrilla:<\/strong> El <strong><a href=\"https:\/\/www.sue\u00f1aentretelas.es\/pa-o-granate.html\" target=\"_blank\" rel=\"noreferrer noopener\">pa\u00f1o<\/a><\/strong>, el <strong><a href=\"https:\/\/www.sue\u00f1aentretelas.es\/terciopelo-cereza-algodon.html\" target=\"_blank\" rel=\"noreferrer noopener\">terciopelo<\/a><\/strong>, la <strong><a href=\"https:\/\/www.sue\u00f1aentretelas.es\/gabardina-vigore-negro.html\" target=\"_blank\" rel=\"noreferrer noopener\">gabardina vigor\u00e9<\/a><\/strong> y la <strong><a href=\"https:\/\/www.sue\u00f1aentretelas.es\/chenilla-taupe.html\" target=\"_blank\" rel=\"noreferrer noopener\">chenilla<\/a><\/strong> son opciones perfectas para confeccionar negrillas elegantes y confortables.<\/li>\n<\/ul>\n\n\n\n<h2 class=\"wp-block-heading\">Preguntas frecuentes (<strong>FAQs<\/strong>)<\/h2>\n\n\n\n<h4 class=\"wp-block-heading\"><strong>1. \u00bfCu\u00e1l es la mejor tela para un traje de fallera infantil?<\/strong><\/h4>\n\n\n\n<p>Para los trajes de fallera infantil, se suelen utilizar telas m\u00e1s ligeras y frescas, como el algod\u00f3n o el lino. Tambi\u00e9n son muy populares las telas con estampados infantiles y coloridos.<\/p>\n\n\n\n<h4 class=\"wp-block-heading\"><strong>2. \u00bfC\u00f3mo cuidar las telas falleras?<\/strong><\/h4>\n\n\n\n<p>Para cuidar tus <strong>telas falleras<\/strong>, te recomendamos seguir las instrucciones de lavado que aparecen en la etiqueta. En general, se recomienda lavarlas a mano con agua fr\u00eda y un detergente suave.<\/p>\n\n\n\n<h4 class=\"wp-block-heading\"><strong>3. \u00bfD\u00f3nde puedo encontrar inspiraci\u00f3n para elegir las telas falleras?<\/strong><\/h4>\n\n\n\n<p>En nuestra web encontrar\u00e1s una amplia galer\u00eda de im\u00e1genes con diferentes modelos de trajes de fallera. Adem\u00e1s, puedes consultar revistas especializadas en moda valenciana o buscar inspiraci\u00f3n en las redes sociales.<\/p>\n\n\n\n<p>Las <strong>telas falleras<\/strong> son un elemento fundamental de la indumentaria valenciana. Su belleza y versatilidad permiten crear trajes \u00fanicos y personalizados. En <strong><a href=\"https:\/\/www.xn--sueaentretelas-snb.es\/blog\/\" target=\"_blank\" rel=\"noreferrer noopener\">Sue\u00f1a Entre Telas<\/a><\/strong>, estamos comprometidos a ofrecerte las mejores <strong>telas falleras<\/strong> para que puedas lucir espectacular en tus fallas. <strong><a href=\"https:\/\/www.xn--sueaentretelas-snb.es\/blog\/contact\" target=\"_blank\" rel=\"noreferrer noopener\">Contacta con nosotros.<\/a><\/strong><\/p>\n","protected":false},"excerpt":{"rendered":"<p>Las telas falleras son mucho m\u00e1s que un simple tejido; son la esencia de la indumentaria tradicional valenciana y un elemento clave para lucir un traje de fallera impecable. En Sue\u00f1a Entre Telas, queremos adentrarte en este fascinante mundo y ayudarte a elegir las telas perfectas para tu traje. La importancia de las telas falleras [&hellip;]<\/p>\n","protected":false},"author":2,"featured_media":2157,"comment_status":"open","ping_status":"open","sticky":false,"template":"","format":"standard","meta":{"footnotes":""},"categories":[1],"tags":[],"class_list":["post-2124","post","type-post","status-publish","format-standard","has-post-thumbnail","hentry","category-sin-categoria","entry","has-media"],"_links":{"self":[{"href":"https:\/\/xn--sueaentretelas-snb.es\/blog\/wp-json\/wp\/v2\/posts\/2124","targetHints":{"allow":["GET"]}}],"collection":[{"href":"https:\/\/xn--sueaentretelas-snb.es\/blog\/wp-json\/wp\/v2\/posts"}],"about":[{"href":"https:\/\/xn--sueaentretelas-snb.es\/blog\/wp-json\/wp\/v2\/types\/post"}],"author":[{"embeddable":true,"href":"https:\/\/xn--sueaentretelas-snb.es\/blog\/wp-json\/wp\/v2\/users\/2"}],"replies":[{"embeddable":true,"href":"https:\/\/xn--sueaentretelas-snb.es\/blog\/wp-json\/wp\/v2\/comments?post=2124"}],"version-history":[{"count":4,"href":"https:\/\/xn--sueaentretelas-snb.es\/blog\/wp-json\/wp\/v2\/posts\/2124\/revisions"}],"predecessor-version":[{"id":2284,"href":"https:\/\/xn--sueaentretelas-snb.es\/blog\/wp-json\/wp\/v2\/posts\/2124\/revisions\/2284"}],"wp:featuredmedia":[{"embeddable":true,"href":"https:\/\/xn--sueaentretelas-snb.es\/blog\/wp-json\/wp\/v2\/media\/2157"}],"wp:attachment":[{"href":"https:\/\/xn--sueaentretelas-snb.es\/blog\/wp-json\/wp\/v2\/media?parent=2124"}],"wp:term":[{"taxonomy":"category","embeddable":true,"href":"https:\/\/xn--sueaentretelas-snb.es\/blog\/wp-json\/wp\/v2\/categories?post=2124"},{"taxonomy":"post_tag","embeddable":true,"href":"https:\/\/xn--sueaentretelas-snb.es\/blog\/wp-json\/wp\/v2\/tags?post=2124"}],"curies":[{"name":"wp","href":"https:\/\/api.w.org\/{rel}","templated":true}]}}