{"id":1006,"date":"2023-02-20T12:27:00","date_gmt":"2023-02-20T12:27:00","guid":{"rendered":"https:\/\/xn--sueaentretelas-snb.es\/blog\/?p=1006"},"modified":"2023-12-27T12:16:10","modified_gmt":"2023-12-27T12:16:10","slug":"el-pantalon-vaquero-jeans","status":"publish","type":"post","link":"https:\/\/xn--sueaentretelas-snb.es\/blog\/el-pantalon-vaquero-jeans\/","title":{"rendered":"El pantal\u00f3n vaquero (jeans)"},"content":{"rendered":"\n<p>Hoy, como cap\u00edtulo final a los pantalones, le dedicamos una entrada al pantal\u00f3n vaquero, que recibe varios nombres como jeans, denim, vaquero o tejano.<br>Pr\u00e1cticamente todas tenemos o hemos tenido alguna vez este b\u00e1sico as\u00ed que&#8230; \u00a1conozcamos un poco m\u00e1s sobre \u00e9l!<\/p>\n\n\n\n<p>La palabra \u00abjean\u00bb surge en 1800 refiri\u00e9ndose a una sarga de algod\u00f3n que se utilizaba para hacer pantalones.<br>Respecto a la palabra \u00abdenim\u00bb hay quien opina que viene del pueblo franc\u00e9s de Nimes, donde se empezaron a hacer los jeans o vaqueros azules, de ah\u00ed que el \u00abazul Nimes\u00bb o en franc\u00e9s \u00abbleu de Nimes\u00bb derivara en \u00abdenim\u00bb, bueno, es bastante factible.<br>Lo que est\u00e1 claro es que en el siglo XX el t\u00e9rmino \u00abjean\u00bb abarcaba una amplia gama de pantalones informales de algod\u00f3n o mezclilla.<br>Indaguemos un poco m\u00e1s.<\/p>\n\n\n\n<h2 class=\"wp-block-heading\">El origen del pantal\u00f3n vaquero<\/h2>\n\n\n\n<p>En plena fiebre del oro, Strauss se instal\u00f3 en San Francisco abriendo un local para vender tiendas de campa\u00f1a a los mineros descubriendo que los buscarores de oro prefer\u00edan dormir a la intemperie peeeero ten\u00edan problemas con sus pantalones debido a la rudeza del trabajo y el peso de las pepitas que llevaban en los bolsillos.<\/p>\n\n\n\n<p>Se le ocurri\u00f3 aprovechar el denim marr\u00f3n de las carpas y dise\u00f1\u00f3 un modelo overol a la cintura, siendo el primero en utilizar este tejido para la confecci\u00f3n de pantalones.<br>En Inglaterra a este tejido se le llamaba \u00abfust\u00e1n genov\u00e9s\u00bb, ya que se fabric\u00f3 en el puerto de G\u00e9nova por primera vez.<br>Lleg\u00f3 a Inglaterra desde Francia, donde G\u00e9nova es G\u00eanes, lo que acab\u00f3 convirtiendo el nombre del tejido de gene a jene y, con el tiempo en jean.<br><\/p>\n\n\n\n<p>Uno de los clientes de Levi Strauss, era Jacob Davis un sastre que le compraba rollos de tela que cansado de comprar tela para remendar los pantalones rotos, pens\u00f3 en reforzarlos con remaches de cobre en algunos puntos de tensi\u00f3n.<br>Como Jacobs no ten\u00eda dinero para patentar la idea, le propuso a Levi asociarse y el 20 de mayo de 1873 reciben la patente #139121 de la Oficina de patentes y marcas estadounidenses, naciendo el jean tal como lo conocemos.<\/p>\n\n\n\n<p><\/p>\n\n\n\n<figure class=\"wp-block-image size-full\"><img loading=\"lazy\" decoding=\"async\" width=\"500\" height=\"250\" src=\"https:\/\/xn--sueaentretelas-snb.es\/blog\/wp-content\/uploads\/2023\/02\/image-3.png\" alt=\"\" class=\"wp-image-1046\" srcset=\"https:\/\/xn--sueaentretelas-snb.es\/blog\/wp-content\/uploads\/2023\/02\/image-3.png 500w, https:\/\/xn--sueaentretelas-snb.es\/blog\/wp-content\/uploads\/2023\/02\/image-3-300x150.png 300w\" sizes=\"auto, (max-width: 500px) 100vw, 500px\" \/><figcaption class=\"wp-element-caption\">Jacob Davis y Levi Strauss<\/figcaption><\/figure>\n\n\n\n<p><\/p>\n\n\n\n<p>Los mineros comenzaron a comprarlos y pronto empezaron a no dar abasto porque \u00a1se los quitaban de las manos!, y en 1860 sustituy\u00f3 la tela por la sarga de Nimes, te\u00f1ida de azul \u00edndigo, naciendo el color t\u00edpico de la prenda vaquera.<br>Respecto a la palabra \u00abdenim\u00bb hay quien opina que viene del pueblo franc\u00e9s de Nimes, donde se empezaron a hacer los jeans o vaqueros azules, de ah\u00ed que el \u00abazul Nimes\u00bb o en franc\u00e9s \u00abbleu de Nimes\u00bb derivara en \u00abdenim\u00bb, bueno, es bastante factible.<\/p>\n\n\n\n<p>Una curiosidad, para conseguir el efecto \u00abdeste\u00f1ido\u00bb, se limitaban a dejarlos sumergidos en el abrevadero y el ganado se encargaba de remover las prendas. Al cabo de un par de d\u00edas los tend\u00edan al sol para que encogieran \u00a1vaya secreto!<\/p>\n\n\n\n<p>El bolsillo peque\u00f1o que se incluye dentro del bolsillo derecho, le llama leontina y se utilizaba para guardar el reloj de bolsillo \u00bflo sab\u00edas?<\/p>\n\n\n\n<p><br>En 1890, crearon el modelo 501 que les ayud\u00f3 a ganar popularidad, siguiendo haciendo mejoras en la siguiente d\u00e9cada, como a\u00f1adir un doble arco de puntadas en naranja para mayor refuerzo y se\u00f1a identificativa de Levi&#8217;s. <br>En 1922 a\u00f1aden las presillas para el cintur\u00f3n.<br>En 1954 las cremalleras sustituyen a los botones en algunos modelos.<\/p>\n\n\n\n<p>La compa\u00f1\u00eda Levi\u2019s a\u00fan conserva el primer par de Levi\u2019s 501, hechos en 1879 y tienen un valor de m\u00e1s de\u00a045.000 euros.<br>Levis Strauss de Espa\u00f1a mantiene una facturaci\u00f3n de 43.020.171 \u20ac.<\/p>\n\n\n\n<p><br>En 1890 termin\u00f3 la patente de Strauss y Davis y otros fabricantes pudieron reproducir el modelo, con lo que entran en el mercado OshKosh B&#8217;Gosh en 1895, Blue bell (que se convirti\u00f3 en Wrangler) en 1904 y Lee Mercantile en 1911.<br>Durante la Primera Guerra  Mundial, fueron los jeans de Lee Union-All el est\u00e1ndar para los trabajadores de la guerra.<\/p>\n\n\n\n<p>La cremallera de los vaqueros nace en 1917 y en 1934 el japon\u00e9s Tadao Yoshida la perfecciona siendo el fabricante que est\u00e1 detr\u00e1s de m\u00e1s del 90% de cremalleras del mundo.<\/p>\n\n\n\n<p>Los remaches se conservaron hasta 1935, cuando empiezan a utilizarse en forma masiva por los ni\u00f1os y estropeaban el mobiliario escolar por el roce en bancos y pupitres.<br>En 1938 se suprimieron los remaches del bolsillo trasero por declararlo responsable de desperfectos.<\/p>\n\n\n\n<h2 class=\"wp-block-heading\">Los vaqueros y los famosos<\/h2>\n\n\n\n<p>C\u00f3mo no, Hollywood ayud\u00f3 a idelizar los jeans azules en las d\u00e9cadas de 1920 y 1930 en las pelis de vaqueros como John Wayne y Gary Cooper, animando a los consumidores que buscaban ropa casual para los fines de semana y vacaciones.<br>Actrices como Ginger Rogers y Carole Lombard luciendo jeans animaron a las mujeres a utilizar esta prenda.<br>En los a\u00f1os 30 la revista Vogue les di\u00f3 su aprobaci\u00f3n llamando a los pantalones vaqueros \u00abWestern chic\u00bb, y en 1942 la dise\u00f1adora estadounidense Claire McCardell vendi\u00f3 m\u00e1s de 75000 piezas de su vetido \u00abPopover\u00bb confeccionado con mezclilla.<\/p>\n\n\n\n<figure class=\"wp-block-image size-large\"><img loading=\"lazy\" decoding=\"async\" width=\"1024\" height=\"471\" src=\"https:\/\/xn--sueaentretelas-snb.es\/blog\/wp-content\/uploads\/2023\/02\/image-2-1024x471.png\" alt=\"\" class=\"wp-image-1045\" srcset=\"https:\/\/xn--sueaentretelas-snb.es\/blog\/wp-content\/uploads\/2023\/02\/image-2-1024x471.png 1024w, https:\/\/xn--sueaentretelas-snb.es\/blog\/wp-content\/uploads\/2023\/02\/image-2-300x138.png 300w, https:\/\/xn--sueaentretelas-snb.es\/blog\/wp-content\/uploads\/2023\/02\/image-2-768x353.png 768w, https:\/\/xn--sueaentretelas-snb.es\/blog\/wp-content\/uploads\/2023\/02\/image-2.png 1092w\" sizes=\"auto, (max-width: 1024px) 100vw, 1024px\" \/><figcaption class=\"wp-element-caption\">Jonh Wayne, Ginger Rogers y el vestido  Popover<\/figcaption><\/figure>\n\n\n\n<p>En los a\u00f1os 50 los jeans se asocian con la juventud rebelde y anti-sistema, con estrellas como Marlon Bando y James Dean popularizando esta imagen de \u00eddolo adolescente con gran atractivo sexual.<\/p>\n\n\n\n<figure class=\"wp-block-image size-full\"><img loading=\"lazy\" decoding=\"async\" width=\"799\" height=\"460\" src=\"https:\/\/xn--sueaentretelas-snb.es\/blog\/wp-content\/uploads\/2023\/02\/image-5.png\" alt=\"\" class=\"wp-image-1052\" srcset=\"https:\/\/xn--sueaentretelas-snb.es\/blog\/wp-content\/uploads\/2023\/02\/image-5.png 799w, https:\/\/xn--sueaentretelas-snb.es\/blog\/wp-content\/uploads\/2023\/02\/image-5-300x173.png 300w, https:\/\/xn--sueaentretelas-snb.es\/blog\/wp-content\/uploads\/2023\/02\/image-5-768x442.png 768w\" sizes=\"auto, (max-width: 799px) 100vw, 799px\" \/><figcaption class=\"wp-element-caption\">James Dean y Marlon Brando, iconos sexuales masculinos<\/figcaption><\/figure>\n\n\n\n<p><\/p>\n\n\n\n<p>Tambi\u00e9n las estrellas del rock ayudan a consolidar los vaqueros como muy cool.<\/p>\n\n\n\n<p>Luego los hippies y los manifestantes contra la guerra usaron estos pantalones en los a\u00f1os 60 y 70 como manera de mostrar su apoyo a la classe trabajadora.<br>Mientras que las feministas y organizadoras de la liberaci\u00f3n femenina, los utilizaron para demostrar la equidad de g\u00e9nero.<br>As\u00ed pues, los pantalones vaqueros eran un s\u00edmbolo de la contracultura por lo que algunos colegios prohibieron su uso.<\/p>\n\n\n\n<h2 class=\"wp-block-heading\">Llegan a la alta costura<\/h2>\n\n\n\n<p>Fue hacia finales de los 70 y principios de los 80 cuando la alta costura empieza a interesarse por esta prenda, as\u00ed los jeans Buffalo 7 de Fiorucci eran ajustados, oscuros y caros convirti\u00e9ndose en un \u00e9xito entre la jet set de Studio 54.<br>En 1976 Calvin Klein fue el primer dise\u00f1ador en presentarlos en la pasarela, seguido de Gloria Vanderbilt que presenta sus exitosos jeans en 1979 que no solo fueron un \u00e9xito comercial sino tambi\u00e9n una imagen m\u00e1s atrevida en color verde menta.<br>En los a\u00f1os 80, resurgen los jeans azules con las campa\u00f1as de Brooke Shields para Calvin Klein o Claudia Schiffer para Guess, convirti\u00e9ndolos en una prenda seductora.<br>Ya en los 90 firmas coo Versace, Dolce &amp; Gabanna y Dior est\u00e1n en el mercado de los vaqueros.<\/p>\n\n\n\n<figure class=\"wp-block-image size-large\"><img loading=\"lazy\" decoding=\"async\" width=\"1024\" height=\"547\" src=\"https:\/\/xn--sueaentretelas-snb.es\/blog\/wp-content\/uploads\/2023\/02\/image-6-1024x547.png\" alt=\"\" class=\"wp-image-1053\" srcset=\"https:\/\/xn--sueaentretelas-snb.es\/blog\/wp-content\/uploads\/2023\/02\/image-6-1024x547.png 1024w, https:\/\/xn--sueaentretelas-snb.es\/blog\/wp-content\/uploads\/2023\/02\/image-6-300x160.png 300w, https:\/\/xn--sueaentretelas-snb.es\/blog\/wp-content\/uploads\/2023\/02\/image-6-768x411.png 768w, https:\/\/xn--sueaentretelas-snb.es\/blog\/wp-content\/uploads\/2023\/02\/image-6.png 1085w\" sizes=\"auto, (max-width: 1024px) 100vw, 1024px\" \/><figcaption class=\"wp-element-caption\">Brooke Shields en la campa\u00f1a de Calvin Klein y Claudia Schiffer para Guess<\/figcaption><\/figure>\n\n\n\n<h2 class=\"wp-block-heading\">Curiosidades sobre los vaqueros<\/h2>\n\n\n\n<p>A lo largo del tiempo, se crean tipos y subtipos de pantalones vaqueros:<br>&#8211; en los 70 es una prenda que no distingue entre sexo, clase o raza, una prenda para todos, signo de liberaci\u00f3n y muy vers\u00e1til<br>&#8211; en los 80 se hacen pantalones c\u00f3modos para el movimiento y el deporte, aparecinedo los jean baggies con la aparici\u00f3n del break dance<br>&#8211; a principios de los 90, los modelos hip-hop eran demasiado grandes, de talle bajo y anchos<br>&#8211; en los 2000 se adapta a la nueva moda ajust\u00e1ndose al cuerpo, bajos de cadera, luego altos de cintura&#8230;<br>&#8211; los intelectuales y los hipsters, los llevaban en mezclilla negra<br>&#8211; las estrellas del pop eligen los lavados con arena<br>&#8211; los aficionados pagan por los Levi&#8217;s vintage y la mezclilla japonesa te\u00f1ida a mano<\/p>\n\n\n\n<p>Hoy en d\u00eda, casi todas las marcas de lujo y dise\u00f1adores han presentado jeans en las pasarelas y existen a disposici\u00f3n de todos los bolsillos y gustos, anchos, skinny, de cintura alta, de cintura baja, claros, oscuros, de color&#8230;<br>Yves Saint Laurent, en una entrevista a New York Magazine en 1983 dijo de los vaqueros \u00abposeen expresi\u00f3n, modestia, atractivo sexual y simplicidad, todo lo que quiero para mi ropa\u00bb.<\/p>\n\n\n\n<p>Los vaqueros m\u00e1s caros del mundo son los de\u00a0la colecci\u00f3n genius Jeans de Gucci, y cada uno vale 4.000 d\u00f3lares.<\/p>\n\n\n\n<p>Para el CEO de Levis los pantalones jeans o \u201cvaqueros\u201d deben ser<strong>\u00a0<\/strong>lavados\u00a0solo de manera\u00a0ocasional\u00a0y en lo cotidiano, deben eliminarse las manchas y orearlos \u201c con eso es suficiente\u201d, aunque suene\u00a0asqueroso\u00a0dice que puede hacerse.<br>De hecho el ejecutivo asegur\u00f3 que la mejor forma de mantener los jeans limpios y<strong>\u00a0<\/strong>\u201ccomo reci\u00e9n estrenados\u201d, es ponerlos unas horas en el congelador una vez por semana.<br>Hay un estudio universitario que lo avala.<\/p>\n\n\n\n<p>Un estudiante de la Universidad de Alberta, Canad\u00e1, rompi\u00f3 un r\u00e9cord al usar el mismo pantal\u00f3n vaquero durante\u00a0450 d\u00edas, sin lavarlo.<\/p>\n\n\n\n<p><\/p>\n\n\n\n<p>Lo que tenemos claro es que el vaquero es una prenda polivalente y para todos los gustos, lo podemos llevar de d\u00eda o de noche, lo podemos ajustar a cualquier evento dependiendo de los complementos que escojamos as\u00ed pues \u00a1a disfrutar de nuestros vaqueros!<br><\/p>\n\n\n\n<p>Por supuesto, en la <a href=\"https:\/\/www.xn--sueaentretelas-snb.es\/blog\/catalogsearch\/result\/?q=tejano\" target=\"_blank\" rel=\"noreferrer noopener\">tienda<\/a> tienes varias clases de este tejido para poder crear tus m\u00e1s variadas prendas, no solo pantalones, tambi\u00e9n faldas, camisas, cazadoras, bolsos, monederos&#8230;.<\/p>\n\n\n\n<figure class=\"wp-block-image size-full\"><img loading=\"lazy\" decoding=\"async\" width=\"1001\" height=\"573\" src=\"https:\/\/xn--sueaentretelas-snb.es\/blog\/wp-content\/uploads\/2023\/02\/image-7.png\" alt=\"\" class=\"wp-image-1055\" srcset=\"https:\/\/xn--sueaentretelas-snb.es\/blog\/wp-content\/uploads\/2023\/02\/image-7.png 1001w, https:\/\/xn--sueaentretelas-snb.es\/blog\/wp-content\/uploads\/2023\/02\/image-7-300x172.png 300w, https:\/\/xn--sueaentretelas-snb.es\/blog\/wp-content\/uploads\/2023\/02\/image-7-768x440.png 768w\" sizes=\"auto, (max-width: 1001px) 100vw, 1001px\" \/><figcaption class=\"wp-element-caption\">algunos de nuestros tejidos vaqueros<\/figcaption><\/figure>\n\n\n\n<p>Nos vemos la pr\u00f3xima semana<\/p>\n\n\n\n<p><a rel=\"noreferrer noopener\" href=\"https:\/\/twitter.com\/intent\/tweet?text=Descubre+el+curioso+origen+de+los+pantalones+vaqueros%3A+https%3A%2F%2Fokdiario.com%2Fcuriosidades%2Fdescubre-curioso-origen-pantalones-vaqueros-8127246\" target=\"_blank\"><\/a><a href=\"https:\/\/www.pinterest.com\/pin\/create\/button\/?guid=PweBq3Pm7_Ef-1&amp;url=https%3A%2F%2Fwww.marie-claire.es%2Fmoda%2Ffotos%2Fpantalones-vaqueros-la-prenda-mas-conocida-del-mundo-tiene-su-origen-en-el-siglo-xix-571645002325&amp;media=https%3A%2F%2Festaticos.marie-claire.es%2Fuploads%2Fimages%2Fgallery%2F620cbe0c5cafe82be6ed66ae%2F11.jpg%20%20%20%20%20%20%20%20%20%20%20%20&amp;description=gisele\" target=\"_blank\" rel=\"noopener\"><\/a><\/p>\n\n\n\n<p><\/p>\n","protected":false},"excerpt":{"rendered":"<p>Hoy, como cap\u00edtulo final a los pantalones, le dedicamos una entrada al pantal\u00f3n vaquero, que recibe varios nombres como jeans, denim, vaquero o tejano.Pr\u00e1cticamente todas tenemos o hemos tenido alguna vez este b\u00e1sico as\u00ed que&#8230; \u00a1conozcamos un poco m\u00e1s sobre \u00e9l! La palabra \u00abjean\u00bb surge en 1800 refiri\u00e9ndose a una sarga de algod\u00f3n que se [&hellip;]<\/p>\n","protected":false},"author":2,"featured_media":1056,"comment_status":"open","ping_status":"open","sticky":false,"template":"","format":"standard","meta":{"footnotes":""},"categories":[213,24],"tags":[379,94,376,378,61,374,375,377],"class_list":["post-1006","post","type-post","status-publish","format-standard","has-post-thumbnail","hentry","category-curiosidades","category-tejidos","tag-cosemos-y-aprendemos","tag-curiosidades","tag-denim","tag-no-solo-cosemos","tag-nuestros-tejidos","tag-pantalon","tag-pantalon-vaquero","tag-tejano","entry","has-media"],"_links":{"self":[{"href":"https:\/\/xn--sueaentretelas-snb.es\/blog\/wp-json\/wp\/v2\/posts\/1006","targetHints":{"allow":["GET"]}}],"collection":[{"href":"https:\/\/xn--sueaentretelas-snb.es\/blog\/wp-json\/wp\/v2\/posts"}],"about":[{"href":"https:\/\/xn--sueaentretelas-snb.es\/blog\/wp-json\/wp\/v2\/types\/post"}],"author":[{"embeddable":true,"href":"https:\/\/xn--sueaentretelas-snb.es\/blog\/wp-json\/wp\/v2\/users\/2"}],"replies":[{"embeddable":true,"href":"https:\/\/xn--sueaentretelas-snb.es\/blog\/wp-json\/wp\/v2\/comments?post=1006"}],"version-history":[{"count":7,"href":"https:\/\/xn--sueaentretelas-snb.es\/blog\/wp-json\/wp\/v2\/posts\/1006\/revisions"}],"predecessor-version":[{"id":1057,"href":"https:\/\/xn--sueaentretelas-snb.es\/blog\/wp-json\/wp\/v2\/posts\/1006\/revisions\/1057"}],"wp:featuredmedia":[{"embeddable":true,"href":"https:\/\/xn--sueaentretelas-snb.es\/blog\/wp-json\/wp\/v2\/media\/1056"}],"wp:attachment":[{"href":"https:\/\/xn--sueaentretelas-snb.es\/blog\/wp-json\/wp\/v2\/media?parent=1006"}],"wp:term":[{"taxonomy":"category","embeddable":true,"href":"https:\/\/xn--sueaentretelas-snb.es\/blog\/wp-json\/wp\/v2\/categories?post=1006"},{"taxonomy":"post_tag","embeddable":true,"href":"https:\/\/xn--sueaentretelas-snb.es\/blog\/wp-json\/wp\/v2\/tags?post=1006"}],"curies":[{"name":"wp","href":"https:\/\/api.w.org\/{rel}","templated":true}]}}